{"id":265313,"date":"2026-08-31T23:06:12","date_gmt":"2026-08-31T23:06:12","guid":{"rendered":"https:\/\/www.europesays.com\/ee\/265313\/"},"modified":"2026-08-31T23:06:12","modified_gmt":"2026-08-31T23:06:12","slug":"bessent-arutas-venemaa-rahandusministriga-trumpi-rahuplaani","status":"publish","type":"post","link":"https:\/\/www.europesays.com\/ee\/265313\/","title":{"rendered":"Bessent arutas Venemaa rahandusministriga Trumpi rahuplaani"},"content":{"rendered":"<p>USA rahandusminister Scott Bessent kohtus esmasp\u00e4eval Venemaa rahandusministri Anton Siluanoviga, kellega arutas v\u00f5imalikku s\u00f5ja l\u00f5petamist Ukrainas, teatas USA meedia.<\/p>\n<p>Ukrainlaste uudisteagentuuri Ukrinformi andmetel edastas meediakanal CNBC News rahandusministeeriumi ametnikule viidates, et Bessent arutas Siluanoviga muu hulgas USA presidendi Donald Trumpi rahuplaani.<\/p>\n","protected":false},"excerpt":{"rendered":"USA rahandusminister Scott Bessent kohtus esmasp\u00e4eval Venemaa rahandusministri Anton Siluanoviga, kellega arutas v\u00f5imalikku s\u00f5ja l\u00f5petamist Ukrainas, teatas USA&hellip;\n","protected":false},"author":2,"featured_media":265314,"comment_status":"","ping_status":"","sticky":false,"template":"","format":"standard","meta":{"footnotes":"","_share_on_mastodon":"0"},"categories":[80],"tags":[71,26,27,37,33,35,34,36,31,32,21,668,381,1000,28,29,95,672,19,676,999,25,159,23,24,22,20,30,92,93,94],"class_list":["post-265313","post","type-post","status-publish","format-standard","has-post-thumbnail","category-maailm","tag-arvamus","tag-breaking-news","tag-breakingnews","tag-ee","tag-eesti","tag-eesti-keel","tag-estonia","tag-estonian","tag-featured-news","tag-featurednews","tag-headlines","tag-ilm","tag-internet","tag-krimi","tag-latest-news","tag-latestnews","tag-maailm","tag-majandus","tag-news","tag-pank","tag-poliitika","tag-populaarseimad-lood","tag-sport","tag-top-stories","tag-topstories","tag-uldised-uudised","tag-uudised","tag-viimased-uudised","tag-world","tag-world-news","tag-worldnews"],"share_on_mastodon":{"url":"https:\/\/pubeurope.com\/@ee\/117192634286822182","error":""},"_links":{"self":[{"href":"https:\/\/www.europesays.com\/ee\/wp-json\/wp\/v2\/posts\/265313","targetHints":{"allow":["GET"]}}],"collection":[{"href":"https:\/\/www.europesays.com\/ee\/wp-json\/wp\/v2\/posts"}],"about":[{"href":"https:\/\/www.europesays.com\/ee\/wp-json\/wp\/v2\/types\/post"}],"author":[{"embeddable":true,"href":"https:\/\/www.europesays.com\/ee\/wp-json\/wp\/v2\/users\/2"}],"replies":[{"embeddable":true,"href":"https:\/\/www.europesays.com\/ee\/wp-json\/wp\/v2\/comments?post=265313"}],"version-history":[{"count":0,"href":"https:\/\/www.europesays.com\/ee\/wp-json\/wp\/v2\/posts\/265313\/revisions"}],"wp:featuredmedia":[{"embeddable":true,"href":"https:\/\/www.europesays.com\/ee\/wp-json\/wp\/v2\/media\/265314"}],"wp:attachment":[{"href":"https:\/\/www.europesays.com\/ee\/wp-json\/wp\/v2\/media?parent=265313"}],"wp:term":[{"taxonomy":"category","embeddable":true,"href":"https:\/\/www.europesays.com\/ee\/wp-json\/wp\/v2\/categories?post=265313"},{"taxonomy":"post_tag","embeddable":true,"href":"https:\/\/www.europesays.com\/ee\/wp-json\/wp\/v2\/tags?post=265313"}],"curies":[{"name":"wp","href":"https:\/\/api.w.org\/{rel}","templated":true}]}}