{"id":265319,"date":"2026-08-31T23:37:12","date_gmt":"2026-08-31T23:37:12","guid":{"rendered":"https:\/\/www.europesays.com\/ee\/265319\/"},"modified":"2026-08-31T23:37:12","modified_gmt":"2026-08-31T23:37:12","slug":"soome-korvpallitaht-muurinen-sai-kiiruse-uletamise-ja-aegunud-juhiloa-eest-rahatrahvi","status":"publish","type":"post","link":"https:\/\/www.europesays.com\/ee\/265319\/","title":{"rendered":"Soome korvpallit\u00e4ht Muurinen sai kiiruse \u00fcletamise ja aegunud juhiloa eest rahatrahvi"},"content":{"rendered":"<p>19-aastane Muurinen \u00fcletas kiirust 11. mail Helsingis, kui s\u00f5itis 40 km\/h kiiruspiiranguga alas lubatust tunduvalt kiiremini ehk 76 kilomeetrit tunnis. Kui politsei korvpalluri kinni pidas, n\u00e4itas Muurinen USA juhiluba, mis oli aegunud juba 2025. aasta septembris. <\/p>\n<p>Karistusotsuse kohaselt m\u00e4\u00e4rati soomlasele 812 euro suurune rahatrahv, teatab Yle. <\/p>\n<p>Muurinen tegi endale nime 2025. aasta Euroopa meistriv\u00f5istlustel, kus p\u00e4lvis turniiri parima noorm\u00e4ngija auhinna. M\u00f6\u00f6dunud hooajal eindas soomlane <a rel=\"noopener nofollow\" target=\"_blank\" href=\"https:\/\/www.delfi.ee\/teema\/94724459\/belgradi-partizan\" tag-id=\"94724459\">Belgradi Partizani<\/a>, kuid veebruaris tema leping l\u00f5petati. <\/p>\n<p>Sel hooajal alustab ta m\u00e4ngimist Arkansase \u00fclikoolis. Juba j\u00e4rgmisel suvel ehk 2027. aasta draftis loodab Muurinen <a rel=\"noopener nofollow\" target=\"_blank\" href=\"https:\/\/www.delfi.ee\/teema\/37589449\/nba\" tag-id=\"37589449\">NBA<\/a>-sse p\u00e4\u00e4seda. <\/p>\n<p>Kuidas see lugu Sind end tundma pani?Saada<a href=\"https:\/\/sport.delfi.ee\/artikkel\/120607399\/soome-korvpallitaht-sai-kiiruse-uletamise-ja-aegunud-juhiloa-eest-rahatrahvi\/kommentaarid\" class=\"button button--primary button--size-auto article-body-bottom__comment article-body-bottom__comment--write\" style=\"\" rel=\"nofollow noopener\" target=\"_blank\">Kommenteeri<\/a><a href=\"https:\/\/sport.delfi.ee\/artikkel\/120607399\/soome-korvpallitaht-sai-kiiruse-uletamise-ja-aegunud-juhiloa-eest-rahatrahvi\/kommentaarid\" class=\"button button--size-auto article-body-bottom__comment article-body-bottom__comment--read\" style=\"\" rel=\"nofollow noopener\" target=\"_blank\">Loe kommentaare (9)<\/a><\/p>\n","protected":false},"excerpt":{"rendered":"19-aastane Muurinen \u00fcletas kiirust 11. mail Helsingis, kui s\u00f5itis 40 km\/h kiiruspiiranguga alas lubatust tunduvalt kiiremini ehk 76&hellip;\n","protected":false},"author":2,"featured_media":265320,"comment_status":"","ping_status":"","sticky":false,"template":"","format":"standard","meta":{"footnotes":"","_share_on_mastodon":"0"},"categories":[18],"tags":[4771,37,33,35,34,36,1513,4392,4391,159,158],"class_list":["post-265319","post","type-post","status-publish","format-standard","has-post-thumbnail","category-sport","tag-belgradi-partizan","tag-ee","tag-eesti","tag-eesti-keel","tag-estonia","tag-estonian","tag-korvpall","tag-miikka-muurinen","tag-nba","tag-sport","tag-sports"],"share_on_mastodon":{"url":"https:\/\/pubeurope.com\/@ee\/117192755955153796","error":""},"_links":{"self":[{"href":"https:\/\/www.europesays.com\/ee\/wp-json\/wp\/v2\/posts\/265319","targetHints":{"allow":["GET"]}}],"collection":[{"href":"https:\/\/www.europesays.com\/ee\/wp-json\/wp\/v2\/posts"}],"about":[{"href":"https:\/\/www.europesays.com\/ee\/wp-json\/wp\/v2\/types\/post"}],"author":[{"embeddable":true,"href":"https:\/\/www.europesays.com\/ee\/wp-json\/wp\/v2\/users\/2"}],"replies":[{"embeddable":true,"href":"https:\/\/www.europesays.com\/ee\/wp-json\/wp\/v2\/comments?post=265319"}],"version-history":[{"count":0,"href":"https:\/\/www.europesays.com\/ee\/wp-json\/wp\/v2\/posts\/265319\/revisions"}],"wp:featuredmedia":[{"embeddable":true,"href":"https:\/\/www.europesays.com\/ee\/wp-json\/wp\/v2\/media\/265320"}],"wp:attachment":[{"href":"https:\/\/www.europesays.com\/ee\/wp-json\/wp\/v2\/media?parent=265319"}],"wp:term":[{"taxonomy":"category","embeddable":true,"href":"https:\/\/www.europesays.com\/ee\/wp-json\/wp\/v2\/categories?post=265319"},{"taxonomy":"post_tag","embeddable":true,"href":"https:\/\/www.europesays.com\/ee\/wp-json\/wp\/v2\/tags?post=265319"}],"curies":[{"name":"wp","href":"https:\/\/api.w.org\/{rel}","templated":true}]}}