{"id":265321,"date":"2026-08-31T23:41:10","date_gmt":"2026-08-31T23:41:10","guid":{"rendered":"https:\/\/www.europesays.com\/ee\/265321\/"},"modified":"2026-08-31T23:41:10","modified_gmt":"2026-08-31T23:41:10","slug":"wsj-venemaa-muudab-ukrainale-suunatud-runnakute-taktikat","status":"publish","type":"post","link":"https:\/\/www.europesays.com\/ee\/265321\/","title":{"rendered":"WSJ: Venemaa muudab Ukrainale suunatud r\u00fcnnakute taktikat"},"content":{"rendered":"<p>Venemaa p\u00fc\u00fcab sundida Ukrainat alistuma saates Kiievi ja teiste linnade poole \u00fcha enam reaktiivdroone ning kombineerides neid uue taktikaga, kirjutas esmasp\u00e4eval v\u00e4ljaanne Wall Street Journal.<\/p>\n<p>Uudisteagentuuri Unian vahendatud artiklis m\u00e4rgitakse, et Geran-t\u00fc\u00fcpi reaktiivdroonid on Shahedide t\u00e4iustatud versioon. Oma kiirusega on need v\u00e4ljakutseks Ukraina \u00f5hut\u00f5rje v\u00f5imekusele.<\/p>\n","protected":false},"excerpt":{"rendered":"Venemaa p\u00fc\u00fcab sundida Ukrainat alistuma saates Kiievi ja teiste linnade poole \u00fcha enam reaktiivdroone ning kombineerides neid uue&hellip;\n","protected":false},"author":2,"featured_media":265322,"comment_status":"","ping_status":"","sticky":false,"template":"","format":"standard","meta":{"footnotes":"","_share_on_mastodon":"0"},"categories":[5],"tags":[71,26,27,37,33,35,34,36,31,32,21,668,381,1000,28,29,672,19,676,999,25,159,23,24,22,20,30],"class_list":["post-265321","post","type-post","status-publish","format-standard","has-post-thumbnail","category-uldised-uudised","tag-arvamus","tag-breaking-news","tag-breakingnews","tag-ee","tag-eesti","tag-eesti-keel","tag-estonia","tag-estonian","tag-featured-news","tag-featurednews","tag-headlines","tag-ilm","tag-internet","tag-krimi","tag-latest-news","tag-latestnews","tag-majandus","tag-news","tag-pank","tag-poliitika","tag-populaarseimad-lood","tag-sport","tag-top-stories","tag-topstories","tag-uldised-uudised","tag-uudised","tag-viimased-uudised"],"share_on_mastodon":{"url":"https:\/\/pubeurope.com\/@ee\/117192771788553919","error":""},"_links":{"self":[{"href":"https:\/\/www.europesays.com\/ee\/wp-json\/wp\/v2\/posts\/265321","targetHints":{"allow":["GET"]}}],"collection":[{"href":"https:\/\/www.europesays.com\/ee\/wp-json\/wp\/v2\/posts"}],"about":[{"href":"https:\/\/www.europesays.com\/ee\/wp-json\/wp\/v2\/types\/post"}],"author":[{"embeddable":true,"href":"https:\/\/www.europesays.com\/ee\/wp-json\/wp\/v2\/users\/2"}],"replies":[{"embeddable":true,"href":"https:\/\/www.europesays.com\/ee\/wp-json\/wp\/v2\/comments?post=265321"}],"version-history":[{"count":0,"href":"https:\/\/www.europesays.com\/ee\/wp-json\/wp\/v2\/posts\/265321\/revisions"}],"wp:featuredmedia":[{"embeddable":true,"href":"https:\/\/www.europesays.com\/ee\/wp-json\/wp\/v2\/media\/265322"}],"wp:attachment":[{"href":"https:\/\/www.europesays.com\/ee\/wp-json\/wp\/v2\/media?parent=265321"}],"wp:term":[{"taxonomy":"category","embeddable":true,"href":"https:\/\/www.europesays.com\/ee\/wp-json\/wp\/v2\/categories?post=265321"},{"taxonomy":"post_tag","embeddable":true,"href":"https:\/\/www.europesays.com\/ee\/wp-json\/wp\/v2\/tags?post=265321"}],"curies":[{"name":"wp","href":"https:\/\/api.w.org\/{rel}","templated":true}]}}