{"id":265327,"date":"2026-09-01T00:36:10","date_gmt":"2026-09-01T00:36:10","guid":{"rendered":"https:\/\/www.europesays.com\/ee\/265327\/"},"modified":"2026-09-01T00:36:10","modified_gmt":"2026-09-01T00:36:10","slug":"juhtkiri-%e2%9f%a9-ees-ootab-keeruline-kooliaasta","status":"publish","type":"post","link":"https:\/\/www.europesays.com\/ee\/265327\/","title":{"rendered":"JUHTKIRI \u27e9 Ees ootab keeruline kooliaasta"},"content":{"rendered":"<p>1. septembri t\u00e4htsusest ja pidulikkusest v\u00f5iks pikalt k\u00f5neleda. &#8220;Tarkus, tarviline vara&#8221;, \u00fcha pikemate sammudega iseseisva elu poole kihutavad lapsed, kes oleks justkui alles \u00f5ppinud k\u00f5ndima \u2026 Keeruline on aga isegi ette kujutada, mis pilguga koolijuhid, \u00f5petajad, omavalitsusjuhid ning tegelikult k\u00f5ik v\u00e4hegi lastega kokkupuutuvad inimesed algavale \u00f5ppeaastale vaatavad.<\/p>\n","protected":false},"excerpt":{"rendered":"1. septembri t\u00e4htsusest ja pidulikkusest v\u00f5iks pikalt k\u00f5neleda. &#8220;Tarkus, tarviline vara&#8221;, \u00fcha pikemate sammudega iseseisva elu poole kihutavad&hellip;\n","protected":false},"author":2,"featured_media":265328,"comment_status":"","ping_status":"","sticky":false,"template":"","format":"standard","meta":{"footnotes":"","_share_on_mastodon":"0"},"categories":[5],"tags":[26,27,37,33,35,34,36,31,32,21,17289,103018,5634,103022,103019,79264,1312,28,29,19,103020,25,814,23,24,2017,22,20,103021,30],"class_list":["post-265327","post","type-post","status-publish","format-standard","has-post-thumbnail","category-uldised-uudised","tag-breaking-news","tag-breakingnews","tag-ee","tag-eesti","tag-eesti-keel","tag-estonia","tag-estonian","tag-featured-news","tag-featurednews","tag-headlines","tag-huviharidus","tag-keeruline-kooliaasta","tag-keskharidus","tag-kooli-sulgemine","tag-koolipaeva-algusaja-muutmine","tag-koolivaheaeg","tag-kutseharidus","tag-latest-news","tag-latestnews","tag-news","tag-oppimiskohustuse-ea-pikendamine","tag-populaarseimad-lood","tag-tehisaru","tag-top-stories","tag-topstories","tag-uhistransport","tag-uldised-uudised","tag-uudised","tag-vaikesed-koolid","tag-viimased-uudised"],"share_on_mastodon":{"url":"https:\/\/pubeurope.com\/@ee\/117192988077546910","error":""},"_links":{"self":[{"href":"https:\/\/www.europesays.com\/ee\/wp-json\/wp\/v2\/posts\/265327","targetHints":{"allow":["GET"]}}],"collection":[{"href":"https:\/\/www.europesays.com\/ee\/wp-json\/wp\/v2\/posts"}],"about":[{"href":"https:\/\/www.europesays.com\/ee\/wp-json\/wp\/v2\/types\/post"}],"author":[{"embeddable":true,"href":"https:\/\/www.europesays.com\/ee\/wp-json\/wp\/v2\/users\/2"}],"replies":[{"embeddable":true,"href":"https:\/\/www.europesays.com\/ee\/wp-json\/wp\/v2\/comments?post=265327"}],"version-history":[{"count":0,"href":"https:\/\/www.europesays.com\/ee\/wp-json\/wp\/v2\/posts\/265327\/revisions"}],"wp:featuredmedia":[{"embeddable":true,"href":"https:\/\/www.europesays.com\/ee\/wp-json\/wp\/v2\/media\/265328"}],"wp:attachment":[{"href":"https:\/\/www.europesays.com\/ee\/wp-json\/wp\/v2\/media?parent=265327"}],"wp:term":[{"taxonomy":"category","embeddable":true,"href":"https:\/\/www.europesays.com\/ee\/wp-json\/wp\/v2\/categories?post=265327"},{"taxonomy":"post_tag","embeddable":true,"href":"https:\/\/www.europesays.com\/ee\/wp-json\/wp\/v2\/tags?post=265327"}],"curies":[{"name":"wp","href":"https:\/\/api.w.org\/{rel}","templated":true}]}}