{"id":265339,"date":"2026-09-01T01:40:20","date_gmt":"2026-09-01T01:40:20","guid":{"rendered":"https:\/\/www.europesays.com\/ee\/265339\/"},"modified":"2026-09-01T01:40:20","modified_gmt":"2026-09-01T01:40:20","slug":"topeltmorv-%e2%9f%a9-soome-meest-kahtlustatakse-naistuttava-tapmises-ja-seejarel-kaasliikleja-tahtlikult-surnuks-soitmises","status":"publish","type":"post","link":"https:\/\/www.europesays.com\/ee\/265339\/","title":{"rendered":"TOPELTM\u00d5RV \u27e9 Soome meest kahtlustatakse naistuttava tapmises ja seej\u00e4rel kaasliikleja tahtlikult surnuks s\u00f5itmises"},"content":{"rendered":"<p class=\"MsoNormal\">Soome politsei teatas t\u00e4na, et n\u00e4dalavahetusel Vaasa linnas ja selle l\u00e4hedal Laihia vallas aset leidnud surmajuhtumid on seotud m\u00f5rvajuurdlusega, vahendas <a target=\"_blank\" rel=\"noopener noreferrer nofollow\" href=\"https:\/\/www.is.fi\/kotimaa\/art-2000012242756.html\">Ilta-Sanomat<\/a>. Praeguses eeluurimise etapis kahtlustab politsei 27-aastast meest kahes m\u00f5rvas, kahes m\u00f5rvakatses, raskekujulise s\u00fc\u00fctamises ja raskekujulises liiklusohutuse rikkumises.<\/p>\n","protected":false},"excerpt":{"rendered":"Soome politsei teatas t\u00e4na, et n\u00e4dalavahetusel Vaasa linnas ja selle l\u00e4hedal Laihia vallas aset leidnud surmajuhtumid on seotud&hellip;\n","protected":false},"author":2,"featured_media":265340,"comment_status":"","ping_status":"","sticky":false,"template":"","format":"standard","meta":{"footnotes":"","_share_on_mastodon":"0"},"categories":[80],"tags":[26,27,37,33,35,34,36,31,32,21,10163,9011,28,29,349,95,32575,19,25,8951,23,29574,24,22,20,37541,30,92,93,94],"class_list":["post-265339","post","type-post","status-publish","format-standard","has-post-thumbnail","category-maailm","tag-breaking-news","tag-breakingnews","tag-ee","tag-eesti","tag-eesti-keel","tag-estonia","tag-estonian","tag-featured-news","tag-featurednews","tag-headlines","tag-kriminaaluurimine","tag-lahisuhtevagivald","tag-latest-news","tag-latestnews","tag-liiklusonnetus","tag-maailm","tag-morvakatse","tag-news","tag-populaarseimad-lood","tag-soome-politsei","tag-top-stories","tag-topeltmorv","tag-topstories","tag-uldised-uudised","tag-uudised","tag-vaasa","tag-viimased-uudised","tag-world","tag-world-news","tag-worldnews"],"share_on_mastodon":{"url":"https:\/\/pubeurope.com\/@ee\/117193239918016205","error":""},"_links":{"self":[{"href":"https:\/\/www.europesays.com\/ee\/wp-json\/wp\/v2\/posts\/265339","targetHints":{"allow":["GET"]}}],"collection":[{"href":"https:\/\/www.europesays.com\/ee\/wp-json\/wp\/v2\/posts"}],"about":[{"href":"https:\/\/www.europesays.com\/ee\/wp-json\/wp\/v2\/types\/post"}],"author":[{"embeddable":true,"href":"https:\/\/www.europesays.com\/ee\/wp-json\/wp\/v2\/users\/2"}],"replies":[{"embeddable":true,"href":"https:\/\/www.europesays.com\/ee\/wp-json\/wp\/v2\/comments?post=265339"}],"version-history":[{"count":0,"href":"https:\/\/www.europesays.com\/ee\/wp-json\/wp\/v2\/posts\/265339\/revisions"}],"wp:featuredmedia":[{"embeddable":true,"href":"https:\/\/www.europesays.com\/ee\/wp-json\/wp\/v2\/media\/265340"}],"wp:attachment":[{"href":"https:\/\/www.europesays.com\/ee\/wp-json\/wp\/v2\/media?parent=265339"}],"wp:term":[{"taxonomy":"category","embeddable":true,"href":"https:\/\/www.europesays.com\/ee\/wp-json\/wp\/v2\/categories?post=265339"},{"taxonomy":"post_tag","embeddable":true,"href":"https:\/\/www.europesays.com\/ee\/wp-json\/wp\/v2\/tags?post=265339"}],"curies":[{"name":"wp","href":"https:\/\/api.w.org\/{rel}","templated":true}]}}