{"id":265341,"date":"2026-09-01T01:41:11","date_gmt":"2026-09-01T01:41:11","guid":{"rendered":"https:\/\/www.europesays.com\/ee\/265341\/"},"modified":"2026-09-01T01:41:11","modified_gmt":"2026-09-01T01:41:11","slug":"louna-ja-ida-eestis-said-inimesed-ohuohu-hoiatuse-eesti","status":"publish","type":"post","link":"https:\/\/www.europesays.com\/ee\/265341\/","title":{"rendered":"L\u00f5una- ja Ida-Eestis said inimesed \u00f5huohu hoiatuse | Eesti"},"content":{"rendered":"<p>1. septembri varahommikul teatas kaitsev\u00e4gi v\u00f5imalikust \u00f5huohust L\u00e4\u00e4ne- ja Ida-Virumaal. Pool tundi hiljem teatas kaitsev\u00e4gi ka v\u00f5imalikust ohust Tartu, J\u00f5geva, Viljandi, Valga, V\u00f5ru ja P\u00f5lva maakonnas.<\/p>\n<p>L\u00e4\u00e4ne- ja Ida-Virumaal said inimesed teisip\u00e4eva varahommikul kell 3.11 kaitsev\u00e4elt \u00f5huohu hoiatuse. Kohalike teatel on kuulda h\u00e4vituslennukite m\u00fcra.<\/p>\n<p>Kell 3.48 saadeti hoiatus ka Tartu, J\u00f5geva, Viljandi, Valga, V\u00f5ru ja P\u00f5lva maakonna elanikele.<\/p>\n<p>Kaitsev\u00e4e strateegilise kommunikatsiooni osakonna \u00fclem kolonel Uku Arold s\u00f5nas kommentaaris ERR-ile, et<\/p>\n<p>&#8220;On olnud droone, mis on liikunud paralleelselt Eesti idapiiriga ja ka L\u00e4ti idapiiriga ning on tulnud Eestisse sisse, mist\u00f5ttu oleme k\u00e4ivitanud ka h\u00e4ire,&#8221; \u00fctles Arold.<\/p>\n<p>Aroldi s\u00f5nul on v\u00f5imaliku drooniohu t\u00f5ttu \u00f5hku t\u00f5usnud T\u00fcrgi h\u00e4vitajad.<\/p>\n<p>L\u00e4ti andis samuti drooniohu hoiatuse<\/p>\n<p>Drooniohu hoiatuse andsid \u00f6\u00f6l vastu teisip\u00e4eva ka L\u00e4ti kaitsej\u00f5ud.<\/p>\n<p>Kell 2.00 said Ludza piirkonna elanikud mobiiltelefoni L\u00e4ti relvaj\u00f5udude teate v\u00f5imalikust ohust. Kell 2.25 teatas L\u00e4ti kaitsev\u00e4gi v\u00f5imaliku ohu m\u00f6\u00f6dumisest.<\/p>\n<p>Kell 3.37 teatasid L\u00e4ti kaitsej\u00f5ud v\u00f5imalikust \u00f5huohust Al\u016bksne piirkonnas.<\/p>\n<p>Interfax: Ukraina droonid r\u00fcndasid Moskvat<\/p>\n<p>Kella 3 ajal teatas Moskva linnapea Sergei Sobjanin 12 Ukraina mehitamata \u00f5hus\u00f5iduki h\u00e4vitamisest.<\/p>\n<p>&#8220;Kaitseministeeriumi \u00f5hut\u00f5rjes\u00fcsteem h\u00e4vitas 12 Moskva poole lendavat mehitamata \u00f5hus\u00f5idukit. \u00d5nnetuspaigal t\u00f6\u00f6tavad p\u00e4\u00e4steteenistused,&#8221; teatas Sobjanini Max-kanal.<\/p>\n<p>Seoses Venemaa s\u00f5jategevusega Ukraina vastu v\u00f5ib juhtuda, et lennuseadmed, sh droonid eksivad Eesti \u00f5huruumi. Nii varjumist n\u00f5udva kui ka v\u00f5imaliku \u00f5huohu korral kasutab kaitsev\u00e4gi sellest teada andmiseks ohuteavituss\u00fcsteemi EE-ALARM kanaleid.<\/p>\n<p>J\u00e4lgi t\u00e4helepanelikult, milliseid suuniseid riik annab. Iga teavituse korral ei ole vaja varjuda. Arvesta, et detailsem info olukorra kohta v\u00f5ib veidi aega v\u00f5tta ning ohuteavitus sisaldabki k\u00f5ige esmaseid ja kriitilisemaid juhiseid.<\/p>\n<p>Kaitsev\u00e4gi soovitab drooni n\u00e4hes varjuda ja helistada 112. Lisainfo kriis.ee ja 1247.<\/p>\n","protected":false},"excerpt":{"rendered":"1. septembri varahommikul teatas kaitsev\u00e4gi v\u00f5imalikust \u00f5huohust L\u00e4\u00e4ne- ja Ida-Virumaal. Pool tundi hiljem teatas kaitsev\u00e4gi ka v\u00f5imalikust ohust&hellip;\n","protected":false},"author":2,"featured_media":265342,"comment_status":"","ping_status":"","sticky":false,"template":"","format":"standard","meta":{"footnotes":"","_share_on_mastodon":"0"},"categories":[12],"tags":[26,27,1274,37,33,35,34,36,31,32,21,2522,1446,28,29,19,65456,25,23,24,22,20,30],"class_list":["post-265341","post","type-post","status-publish","format-standard","has-post-thumbnail","category-eesti","tag-breaking-news","tag-breakingnews","tag-droonid","tag-ee","tag-eesti","tag-eesti-keel","tag-estonia","tag-estonian","tag-featured-news","tag-featurednews","tag-headlines","tag-ida-virumaa","tag-laane-virumaa","tag-latest-news","tag-latestnews","tag-news","tag-ohuoht","tag-populaarseimad-lood","tag-top-stories","tag-topstories","tag-uldised-uudised","tag-uudised","tag-viimased-uudised"],"share_on_mastodon":{"url":"https:\/\/pubeurope.com\/@ee\/117193243836760411","error":""},"_links":{"self":[{"href":"https:\/\/www.europesays.com\/ee\/wp-json\/wp\/v2\/posts\/265341","targetHints":{"allow":["GET"]}}],"collection":[{"href":"https:\/\/www.europesays.com\/ee\/wp-json\/wp\/v2\/posts"}],"about":[{"href":"https:\/\/www.europesays.com\/ee\/wp-json\/wp\/v2\/types\/post"}],"author":[{"embeddable":true,"href":"https:\/\/www.europesays.com\/ee\/wp-json\/wp\/v2\/users\/2"}],"replies":[{"embeddable":true,"href":"https:\/\/www.europesays.com\/ee\/wp-json\/wp\/v2\/comments?post=265341"}],"version-history":[{"count":0,"href":"https:\/\/www.europesays.com\/ee\/wp-json\/wp\/v2\/posts\/265341\/revisions"}],"wp:featuredmedia":[{"embeddable":true,"href":"https:\/\/www.europesays.com\/ee\/wp-json\/wp\/v2\/media\/265342"}],"wp:attachment":[{"href":"https:\/\/www.europesays.com\/ee\/wp-json\/wp\/v2\/media?parent=265341"}],"wp:term":[{"taxonomy":"category","embeddable":true,"href":"https:\/\/www.europesays.com\/ee\/wp-json\/wp\/v2\/categories?post=265341"},{"taxonomy":"post_tag","embeddable":true,"href":"https:\/\/www.europesays.com\/ee\/wp-json\/wp\/v2\/tags?post=265341"}],"curies":[{"name":"wp","href":"https:\/\/api.w.org\/{rel}","templated":true}]}}