{"id":265345,"date":"2026-09-01T01:51:30","date_gmt":"2026-09-01T01:51:30","guid":{"rendered":"https:\/\/www.europesays.com\/ee\/265345\/"},"modified":"2026-09-01T01:51:30","modified_gmt":"2026-09-01T01:51:30","slug":"bill-gates-ennustab-ajaloo-rahutuima-aja-saabumist-r2-portaal","status":"publish","type":"post","link":"https:\/\/www.europesays.com\/ee\/265345\/","title":{"rendered":"Bill Gates ennustab ajaloo rahutuima aja saabumist | R2 Portaal"},"content":{"rendered":"<p>Microsofti asutaja Bill Gates hoiatab, et tehisintellekt h\u00e4vitab t\u00f6\u00f6kohti kiiremini, kui turg uusi luua suudab. Kui inimkond ei \u00f5pi jalgratta v\u00e4ntamise k\u00f5rval viivitamatult ka lenksu keerama, ootab \u00fchiskonda ajaloo rahutuim ajaj\u00e4rk ja plahvatusohtlik t\u00f6\u00f6tute armee, vahendab <a href=\"https:\/\/r2.err.ee\/arhiiv\/portaal\" rel=\"nofollow noopener\" target=\"_blank\">R2 tehnikakommentaaris<\/a> Kristjan Port.<\/p>\n<p>Ei pea olema Einstein tabamaks, et ratast hoiab k\u00fclili kukkumast pidev v\u00e4nntamine. Einsteini pojale saadetud kirjast teab laiem avalikkus lauset: &#8220;Elu on nagu jalgrattas\u00f5it. Tasakaalu hoidmiseks pead pidevalt liikuma.&#8221;<\/p>\n<p>Sestap v\u00f5ib algavat kooliaastat v\u00f5tta kui korralist pedaaliringi. \u00dchise vajutusega paisatakse \u00fchiskonda m\u00f6\u00f6da progressi teed edasi. Teemakohaselt veelkord n\u00f5u saamiseks Einsteini poole vaadates olevat kuulus teadlane \u00f5petanud, et rahvamassile j\u00e4rgnev inimene ei j\u00f5ua tollest rahvahulgast kunagi kaugemale. Suurema t\u00f5en\u00e4osusega satub \u00fcksi k\u00f5ndiv inimene sinna, kus pole keegi varem k\u00e4inud.<\/p>\n<p>Kooliaasta eel t\u00f5ele au andes pole Einstein seda kunagi \u00f6elnud. S\u00f5num ise pole aga vale. Kuulsale intellektuaalile omistatuna lisab see s\u00f5numile usalduse krediiti. N\u00f5uab ju omaette k\u00f5ndimine julgust ja ka julgustust.<\/p>\n<p>Kooliski \u00f5petatakse p\u00fcsima teiste poolt tallatud ideede ja lahenduste rajal. Paraku j\u00e4reldub sellest, et edukad lahendused s\u00fcnnivad t\u00e4nu neile, kes tabavad \u00f5igel hetkel suunda muuta. Sestap v\u00f5iks kooli alguse eel testida, kas kooli konventsionaalne v\u00e4ntamine on piisav v\u00f5i peaks \u00f5petama ka seda, kuidas keerata lenksu.<\/p>\n<p>Bill Gates p\u00fc\u00fcdis suve l\u00f5pul avalikku t\u00e4helepanu suhteliselt suure p\u00f6\u00f6rdega. Microsofti asutaja juhtis 33 aastat ettev\u00f5tet konkurentide suhtes halastamatu kapitalistina. Seni on ta esinenud tehisintellekti r\u00f5\u00f5msameelse pooldajana. Aastal 2010, kui ta\u00a0 juhi ameti selja taha j\u00e4ttis, t\u00f5otas suver\u00e4\u00e4nselt maailma rikkaim mees koos kuulsa investor Warren Buffettiga, et annetab oma raha heategevuslikel eesm\u00e4rkidel. Ta lubas, et on\u00a0 2045. aasta viimaseks p\u00e4evaks annetanud heategevuseks 99 protsenti oma allesj\u00e4\u00e4nud varandusest. Osa sellest j\u00f5uab ka haridusse.\u00a0<\/p>\n<p>Miljard\u00e4ri on peetud seni raudse haardega kapitalistiks, aga <a href=\"https:\/\/www.gatesnotes.com\/home\/home-page-topic\/reader\/a-turbulent-ai-era-and-critical-choices-to-make\" rel=\"nofollow noopener\" target=\"_blank\">tema hiljutine avaldus<\/a> v\u00f5ib meenutada hoopis midagi muud. Selle asemel, et lasta klassikalisel vabal kapitalismil leida \u00fchiskonnale j\u00e4rgmine toimetulekulahendus, pakub ta valida reguleeritumat ja l\u00e4bir\u00e4\u00e4gitumat tee. Ta hoiatab inimkonda ees ootava ajaloo rahutuima aja eest. Miljard\u00e4ri s\u00f5nul s\u00f5ltub praegustest otsustest s\u00f5ltub, kas maailm muutub \u00f5iglasemaks v\u00f5i k\u00e4riseb l\u00f5he rikaste ja vaeste vahel enneolematult suureks. Ta lisab l\u00f5petuseks, et seni tehtu on ebapiisav.<\/p>\n<p>Mehe mure tuleneb tehisintellekti m\u00f5just,\u00a0 midal paljud eksperdid tema hinnangu alahindavad. Kuigi ta on ise hea n\u00e4ide uue infotehnoloogia juurutamisega s\u00fcndinud ultrarikkast ja m\u00f5juv\u00f5imsast inimesest, p\u00fc\u00fcab ta seekord v\u00e4ita, et ajaloo kopeerimise n\u00e4ide enam ei sobi. Olukord on p\u00f5him\u00f5tteliselt teistsugune. Eksivad need, kes v\u00e4idavad, et uus aeg toob lihtsalt uut t\u00f6\u00f6d.<\/p>\n<p>Gates ei eita, et tekib uusi t\u00f6\u00f6kohti. Probleemina on loodavaid ameteid m\u00e4rksa v\u00e4hem kui neid, mis suure t\u00f5en\u00e4osusega kaovad. Kool \u00f5petab lahendama aga eilseid \u00fclesandeid. Gates \u00e4rgitab k\u00fcsima, kas homsed \u00fclesanded sarnanevad eilsetega.<\/p>\n<p>Omaette probleem on aeg, mida n\u00e4itlikustab eelmise sajandi kolmek\u00fcmnendate aastate suur majanduskriis. USA oli toona t\u00f6\u00f6tu iga neljas kodanik. Isegi p\u00e4rast k\u00f5ige s\u00fcgavamast august taastumist oli j\u00e4rgmised k\u00fcmme aastat iga seitsmes kuni k\u00fcmnes ameeriklane t\u00f6\u00f6tu.<\/p>\n<p>T\u00f6\u00f6pakkumine taastus alles siis, kui kogu maailm hakkas p\u00f5hjalikult s\u00f5dima. S\u00f5da on teadup\u00e4rast innovatsiooni ja kiirete radikaalsete kokkulepete platvorm. . S\u00f5da on teadup\u00e4rast innovatsiooni ja kiirete radikaalsete kokkulepete platvorm. Ameeriklastel l\u00e4ks paremini kui eurooplastel, meie kaasa arvatud. Seega pole k\u00fcsimus ainult selles, kas luuakse uusi palka maksvaid t\u00f6\u00f6kohti, vaid kui kaua suudavad inimesed hakkama saada, enne kui nad l\u00e4hevad teineteisele kallale.<\/p>\n<p>Ja kuidas see v\u00e4lja kukub? Kes on n\u00f5us olema ohver, isegi kui kunagi saabub hea aeg teistele? Kes elab \u00fcle aja, mil tulevik pole veel kohal?\u00a0<\/p>\n<p>Gatesi \u00fcleskutse hoida inimesi t\u00f6\u00f6l, et aeglustada t\u00f6\u00f6kohtade kaotuse tempot, v\u00f5ib m\u00f5nele k\u00f5ladagi sotsialistliku m\u00f5ttena. Vastasel juhul s\u00fcnnib \u00fchiskonnale talumatu kiiruse ja ulatusega t\u00f6\u00f6tute armee. Miljard\u00e4rist filantroop hoiatas seet\u00f5ttu, et inimesed muutuvad ohtlikumaks.\u00a0<\/p>\n<p>Sedagi just t\u00e4nu tehisintellektile, mis v\u00f5imaldab ka v\u00e4ikese ettevalmistusega indiviidil tekitada ulatuslikku kahju. See kombineerub omakorda s\u00fcveneva vaimse ja sotsiaalse vaegarenguga, kuna tehisintellekti rakendused hakkavad negatiivselt m\u00f5jutama laste arengut ning inimestevahelised suhted kannatavad. Gatesi s\u00f5num pole sotsialistlik, vaid ta kardab, kas kapitalism suudab komistamata p\u00fcsida muutuste tempos.\u00a0<\/p>\n<p>Einstein \u00f5petas, et tasakaalu hoidmiseks tuleb edasi liikuda. Bill Gates hoiatab, et iga kord ei piisa ainult v\u00e4ntamisest. Tuleb \u00f5ppida ka lenksu keerama ning teeolude muutudes tuleb seda vajadusel teha kiiresti. Ajaloos pole tehnoloogilised revolutsioonid haruldased. Seekordse v\u00f5ib haruldaseks teha kiirus.<\/p>\n<p>Esmasp\u00e4evast neljap\u00e4evani v\u00f5ib Kristjan Porti tehnoloogiakommentaari kuulda Raadio 2 <a href=\"https:\/\/r2.err.ee\/arhiiv\/portaal\" rel=\"nofollow noopener\" target=\"_blank\">saates &#8220;Portaal&#8221;<\/a>.<\/p>\n","protected":false},"excerpt":{"rendered":"Microsofti asutaja Bill Gates hoiatab, et tehisintellekt h\u00e4vitab t\u00f6\u00f6kohti kiiremini, kui turg uusi luua suudab. Kui inimkond ei&hellip;\n","protected":false},"author":2,"featured_media":265346,"comment_status":"","ping_status":"","sticky":false,"template":"","format":"standard","meta":{"footnotes":"","_share_on_mastodon":"0"},"categories":[80],"tags":[15927,26,27,37,33,35,34,36,31,32,21,28,29,95,14682,19,25,814,7193,23,24,103027,22,20,30,92,93,94],"class_list":["post-265345","post","type-post","status-publish","format-standard","has-post-thumbnail","category-maailm","tag-bill-gates","tag-breaking-news","tag-breakingnews","tag-ee","tag-eesti","tag-eesti-keel","tag-estonia","tag-estonian","tag-featured-news","tag-featurednews","tag-headlines","tag-latest-news","tag-latestnews","tag-maailm","tag-majanduskriis","tag-news","tag-populaarseimad-lood","tag-tehisaru","tag-tootus","tag-top-stories","tag-topstories","tag-tuleviku-kool","tag-uldised-uudised","tag-uudised","tag-viimased-uudised","tag-world","tag-world-news","tag-worldnews"],"share_on_mastodon":{"url":"https:\/\/pubeurope.com\/@ee\/117193283101279031","error":""},"_links":{"self":[{"href":"https:\/\/www.europesays.com\/ee\/wp-json\/wp\/v2\/posts\/265345","targetHints":{"allow":["GET"]}}],"collection":[{"href":"https:\/\/www.europesays.com\/ee\/wp-json\/wp\/v2\/posts"}],"about":[{"href":"https:\/\/www.europesays.com\/ee\/wp-json\/wp\/v2\/types\/post"}],"author":[{"embeddable":true,"href":"https:\/\/www.europesays.com\/ee\/wp-json\/wp\/v2\/users\/2"}],"replies":[{"embeddable":true,"href":"https:\/\/www.europesays.com\/ee\/wp-json\/wp\/v2\/comments?post=265345"}],"version-history":[{"count":0,"href":"https:\/\/www.europesays.com\/ee\/wp-json\/wp\/v2\/posts\/265345\/revisions"}],"wp:featuredmedia":[{"embeddable":true,"href":"https:\/\/www.europesays.com\/ee\/wp-json\/wp\/v2\/media\/265346"}],"wp:attachment":[{"href":"https:\/\/www.europesays.com\/ee\/wp-json\/wp\/v2\/media?parent=265345"}],"wp:term":[{"taxonomy":"category","embeddable":true,"href":"https:\/\/www.europesays.com\/ee\/wp-json\/wp\/v2\/categories?post=265345"},{"taxonomy":"post_tag","embeddable":true,"href":"https:\/\/www.europesays.com\/ee\/wp-json\/wp\/v2\/tags?post=265345"}],"curies":[{"name":"wp","href":"https:\/\/api.w.org\/{rel}","templated":true}]}}