{"id":265347,"date":"2026-09-01T01:52:51","date_gmt":"2026-09-01T01:52:51","guid":{"rendered":"https:\/\/www.europesays.com\/ee\/265347\/"},"modified":"2026-09-01T01:52:51","modified_gmt":"2026-09-01T01:52:51","slug":"fotod-huvasti-suvi-vaata-kuidas-sarasid-muinastuled-saaremaal-kroonika","status":"publish","type":"post","link":"https:\/\/www.europesays.com\/ee\/265347\/","title":{"rendered":"FOTOD | H\u00fcvasti, suvi! Vaata, kuidas s\u00e4rasid muinastuled Saaremaal &#8211; Kroonika"},"content":{"rendered":"<ol>\n<li><a href=\"https:\/\/news.google.com\/rss\/articles\/CBMiqgFBVV95cUxQVTBHU2hKemdncWo4ZzZKRWFPbzVlZlBvV1Z0Sk1QMEpfaU1Cci1kd2ZXd3phVEtzOUNGeHVSeGkxc1FWUVprMTJUTEd4NVpNX2ktV0p4NmtCZGVKZEZwang2THJuS2FfYzg3UmNIbUtvenZfaFdzYUtnMWpINjZsb1REMzh1ZWkyV1NjZnlQLUlBMEZ2TUVLRW1IOXBaSk1TUl9yQ0dTVktZZw?oc=5\" target=\"_blank\" rel=\"nofollow noopener\">FOTOD | H\u00fcvasti, suvi! Vaata, kuidas s\u00e4rasid muinastuled Saaremaal<\/a>&nbsp;&nbsp;Kroonika<\/li>\n<li><a href=\"https:\/\/news.google.com\/rss\/articles\/CBMizAFBVV95cUxNNU9HdzYwcWJuM0Q0OThLLVFHWlg5d3V5UGNQNXBtejJpMWFzdG8zQlBMMW9UeXpsbk9pSlRlOTg2YW13ZGJQaC1JNl9WV1JXdzMzY2NDV1J5RDROVmFkeFcxVmxScEVSTHY2NjNRZHIzTk85WVhkV3hUTXZnUlMzQWc5VDF3bm9GZ2Q4Sm5adEVEOGFCNWd5a25USTVYai1GRkhKaWhMZ3cybXB3Qi1MU0c4amhZQlFNR21jaXlKZ1U4QURDck9UV0lZYWY?oc=5\" target=\"_blank\" rel=\"nofollow noopener\">GALERII | R\u00f5\u00f5msad inimesed saabusid Kakum\u00e4ele muinastulede \u00f6\u00f6d t\u00e4histama, sekka ka k\u00e4sik\u00e4es staare<\/a>&nbsp;&nbsp;\u00d5htuleht<\/li>\n<li><a href=\"https:\/\/news.google.com\/rss\/articles\/CBMiqgFBVV95cUxOdE1VQlpUbXNyeGZKQXhWUnZkUDROZDdsZlpyai1GcEFVOEo1Y1V5Z2xMQXp3NVVYS0xDRWZMeUhzZEJ2aFRqcEZMY3k0cm1xTTN5TFYydnhvMjJpa3QyQkhaVFduRXBJS3o1MW9IZFRtS0Q5SkUxSm1abnRORFdmbmU1bnZJS1dpbS1VMkxsSXNtbS1OdXpnRDlnTEEtUlZYSlp0NVF1Mm1lZw?oc=5\" target=\"_blank\" rel=\"nofollow noopener\">VENEETSIA VILJANDIS \u27e9 Mullu menukaks osutunud muinastulede \u00f6\u00f6 saab j\u00e4rje<\/a>&nbsp;&nbsp;Postimees<\/li>\n<li><a href=\"https:\/\/news.google.com\/rss\/articles\/CBMibEFVX3lxTFBVT0hrNGRRYnRiVG9IbnNyVWRjZmw1TjV1OGhJSC10YkdFblYxZ2tfczNvTGx5Xy1qOUl0V2lqclF1OXpiT3ViWkc0TGpubFlqM0ZhMHJ4SGdoLW5XMXZVMUxhY0RFS3Ytb21yZw?oc=5\" target=\"_blank\" rel=\"nofollow noopener\">Muinastulede \u00f6\u00f6 Orjaku sadamas<\/a>&nbsp;&nbsp;Hiiumaa<\/li>\n<li><a href=\"https:\/\/news.google.com\/rss\/articles\/CBMigwFBVV95cUxQRlZGWWctMGJ3dEFRRGlOaHJadERWRWtEWWtzdjNDeHhQWjFPbk1NQUQ4eTJfMHI5WEhndDdIZDYxVzJzZGswRHR4a3B2S1ZXbTF1ZHBDUmdQcTI1MTQ4NWpfeklaX3J5bzROc2tneXIyZnF3cUV5Qk40T3lfQXViVEFvaw?oc=5\" target=\"_blank\" rel=\"nofollow noopener\">Muinastulede \u00f6\u00f6l saab meeles pidada rahvuse sidet merega<\/a>&nbsp;&nbsp;Koiduaeg<\/li>\n<\/ol>\n","protected":false},"excerpt":{"rendered":"FOTOD | H\u00fcvasti, suvi! Vaata, kuidas s\u00e4rasid muinastuled Saaremaal&nbsp;&nbsp;Kroonika GALERII | R\u00f5\u00f5msad inimesed saabusid Kakum\u00e4ele muinastulede \u00f6\u00f6d t\u00e4histama,&hellip;\n","protected":false},"author":2,"featured_media":265348,"comment_status":"","ping_status":"","sticky":false,"template":"","format":"standard","meta":{"footnotes":"","_share_on_mastodon":"0"},"categories":[12],"tags":[26,27,37,33,35,34,36,31,32,208,21,206,323,1426,287,241,28,29,1648,140,1646,144,19,25,322,150,1645,280,1651,1649,1647,23,24,1652,1650,22,20,30],"class_list":["post-265347","post","type-post","status-publish","format-standard","has-post-thumbnail","category-eesti","tag-breaking-news","tag-breakingnews","tag-ee","tag-eesti","tag-eesti-keel","tag-estonia","tag-estonian","tag-featured-news","tag-featurednews","tag-film","tag-headlines","tag-horoskoop","tag-inimesed","tag-kino","tag-kosmos","tag-kuulsused","tag-latest-news","tag-latestnews","tag-mangukoobas","tag-meelelahutus","tag-mp3","tag-muusika","tag-news","tag-populaarseimad-lood","tag-raadio","tag-seks","tag-staarid","tag-teadus","tag-telekava","tag-telekavad","tag-teletupsud","tag-top-stories","tag-topstories","tag-tv-kava","tag-tv-kavad","tag-uldised-uudised","tag-uudised","tag-viimased-uudised"],"share_on_mastodon":{"url":"https:\/\/pubeurope.com\/@ee\/117193290917962299","error":""},"_links":{"self":[{"href":"https:\/\/www.europesays.com\/ee\/wp-json\/wp\/v2\/posts\/265347","targetHints":{"allow":["GET"]}}],"collection":[{"href":"https:\/\/www.europesays.com\/ee\/wp-json\/wp\/v2\/posts"}],"about":[{"href":"https:\/\/www.europesays.com\/ee\/wp-json\/wp\/v2\/types\/post"}],"author":[{"embeddable":true,"href":"https:\/\/www.europesays.com\/ee\/wp-json\/wp\/v2\/users\/2"}],"replies":[{"embeddable":true,"href":"https:\/\/www.europesays.com\/ee\/wp-json\/wp\/v2\/comments?post=265347"}],"version-history":[{"count":0,"href":"https:\/\/www.europesays.com\/ee\/wp-json\/wp\/v2\/posts\/265347\/revisions"}],"wp:featuredmedia":[{"embeddable":true,"href":"https:\/\/www.europesays.com\/ee\/wp-json\/wp\/v2\/media\/265348"}],"wp:attachment":[{"href":"https:\/\/www.europesays.com\/ee\/wp-json\/wp\/v2\/media?parent=265347"}],"wp:term":[{"taxonomy":"category","embeddable":true,"href":"https:\/\/www.europesays.com\/ee\/wp-json\/wp\/v2\/categories?post=265347"},{"taxonomy":"post_tag","embeddable":true,"href":"https:\/\/www.europesays.com\/ee\/wp-json\/wp\/v2\/tags?post=265347"}],"curies":[{"name":"wp","href":"https:\/\/api.w.org\/{rel}","templated":true}]}}