{"id":265351,"date":"2026-09-01T02:04:50","date_gmt":"2026-09-01T02:04:50","guid":{"rendered":"https:\/\/www.europesays.com\/ee\/265351\/"},"modified":"2026-09-01T02:04:50","modified_gmt":"2026-09-01T02:04:50","slug":"kultuurkapitali-miljonidefitsiit-hasartmangumaksu-tottu-joudis-riigikomisjoni","status":"publish","type":"post","link":"https:\/\/www.europesays.com\/ee\/265351\/","title":{"rendered":"Kultuurkapitali miljonidefitsiit hasartm\u00e4ngumaksu t\u00f5ttu j\u00f5udis riigikomisjoni"},"content":{"rendered":"<p class=\"text-muted-foreground text-[15px] leading-relaxed\">Eesti Kultuurkapital seisab 2026. aastal silmitsi ligi kahe miljoni euro suuruse puuduj\u00e4\u00e4giga, kuna 1. jaanuaril j\u00f5ustunud hasartm\u00e4ngumaksu seaduse muudatus on v\u00e4hendanud laekumisi 9,7%, mis t\u00f5i teema Riigieelarve kontrolli erikomisjoni lauale.<\/p>\n<ul class=\"space-y-3 text-[15px] leading-relaxed\">\n<li class=\"flex gap-3\">\u2014Eesti Kultuurkapital seisab silmitsi ligi 2 miljoni euro suuruse prognoositava puuduj\u00e4\u00e4giga k\u00e4esoleval aastal hasartm\u00e4ngumaksu laekumise v\u00e4henemise t\u00f5ttu.<\/li>\n<li class=\"flex gap-3\">\u2014Puuduj\u00e4\u00e4k on tingitud hasartm\u00e4ngumaksu seaduse muudatusest, mis j\u00f5ustus 1. jaanuaril 2026 ja mille m\u00f5ju hakkas m\u00f5\u00f5detavaks saama veebruarist alates.<\/li>\n<li class=\"flex gap-3\">\u2014Kultuurkapitali esimees Margus Allikmaa t\u00f5i puuduj\u00e4\u00e4gi esile Riigieelarve kontrolli erikomisjoni koosolekul, hoiatades tagaj\u00e4rgede eest kultuuris\u00fcndmuste korraldajatele ja institutsioonidele.<\/li>\n<li class=\"flex gap-3\">\u20142026. aasta esimese seitsme kuu andmed n\u00e4itavad hasartm\u00e4ngumaksu laekumise 9,7% langust v\u00f5rreldes eelmise aastaga, moodustades kogutud 3,36 miljonit eurot.<\/li>\n<li class=\"flex gap-3\">\u2014Maksu- ja Tolliameti ning Rahandusministeeriumi ametnikud olid samuti komisjoni koosolekul kohal, et arutada maksutulu olukorda.<\/li>\n<\/ul>\n","protected":false},"excerpt":{"rendered":"Eesti Kultuurkapital seisab 2026. aastal silmitsi ligi kahe miljoni euro suuruse puuduj\u00e4\u00e4giga, kuna 1. jaanuaril j\u00f5ustunud hasartm\u00e4ngumaksu seaduse&hellip;\n","protected":false},"author":2,"featured_media":265352,"comment_status":"","ping_status":"","sticky":false,"template":"","format":"standard","meta":{"footnotes":"","_share_on_mastodon":"0"},"categories":[12],"tags":[26,27,2700,37,1198,33,35,34,36,31,32,6592,21,176,6856,28,29,1281,19,25,2702,57347,23,24,22,20,30],"class_list":["post-265351","post","type-post","status-publish","format-standard","has-post-thumbnail","category-eesti","tag-breaking-news","tag-breakingnews","tag-defitsiit","tag-ee","tag-eelarve","tag-eesti","tag-eesti-keel","tag-estonia","tag-estonian","tag-featured-news","tag-featurednews","tag-hasartmangumaks","tag-headlines","tag-kultuur","tag-kultuurkapital","tag-latest-news","tag-latestnews","tag-maksupoliitika","tag-news","tag-populaarseimad-lood","tag-rahandus","tag-riigieelarve-kontrolli-erikomisjon","tag-top-stories","tag-topstories","tag-uldised-uudised","tag-uudised","tag-viimased-uudised"],"share_on_mastodon":{"url":"https:\/\/pubeurope.com\/@ee\/117193338191145125","error":""},"_links":{"self":[{"href":"https:\/\/www.europesays.com\/ee\/wp-json\/wp\/v2\/posts\/265351","targetHints":{"allow":["GET"]}}],"collection":[{"href":"https:\/\/www.europesays.com\/ee\/wp-json\/wp\/v2\/posts"}],"about":[{"href":"https:\/\/www.europesays.com\/ee\/wp-json\/wp\/v2\/types\/post"}],"author":[{"embeddable":true,"href":"https:\/\/www.europesays.com\/ee\/wp-json\/wp\/v2\/users\/2"}],"replies":[{"embeddable":true,"href":"https:\/\/www.europesays.com\/ee\/wp-json\/wp\/v2\/comments?post=265351"}],"version-history":[{"count":0,"href":"https:\/\/www.europesays.com\/ee\/wp-json\/wp\/v2\/posts\/265351\/revisions"}],"wp:featuredmedia":[{"embeddable":true,"href":"https:\/\/www.europesays.com\/ee\/wp-json\/wp\/v2\/media\/265352"}],"wp:attachment":[{"href":"https:\/\/www.europesays.com\/ee\/wp-json\/wp\/v2\/media?parent=265351"}],"wp:term":[{"taxonomy":"category","embeddable":true,"href":"https:\/\/www.europesays.com\/ee\/wp-json\/wp\/v2\/categories?post=265351"},{"taxonomy":"post_tag","embeddable":true,"href":"https:\/\/www.europesays.com\/ee\/wp-json\/wp\/v2\/tags?post=265351"}],"curies":[{"name":"wp","href":"https:\/\/api.w.org\/{rel}","templated":true}]}}