{"id":265361,"date":"2026-09-01T02:57:08","date_gmt":"2026-09-01T02:57:08","guid":{"rendered":"https:\/\/www.europesays.com\/ee\/265361\/"},"modified":"2026-09-01T02:57:08","modified_gmt":"2026-09-01T02:57:08","slug":"triin-ruumet-neuroerinevusest-ja-muutunud-suhtest-iseendaga-joud-ei-lahe-enam-sellele-nagu-tunneks-et-hoiad-uppuvat-titanicut-uleval","status":"publish","type":"post","link":"https:\/\/www.europesays.com\/ee\/265361\/","title":{"rendered":"Triin Ruumet neuroerinevusest ja muutunud suhtest iseendaga: j\u00f5ud ei l\u00e4he enam sellele, nagu tunneks, et hoiad uppuvat Titanicut \u00fcleval"},"content":{"rendered":"<p>Filmire\u017eiss\u00f6\u00f6r Triin Ruumet (38) v\u00f5tab oma uues teatrilavastuses ette t\u00f5sielusarja t\u00fckkis paljastuste ja kismadega. Ta ise toimetab, kapuuts silmil. \u00c4\u00e4rmused sobivad talle.<\/p>\n<p>\u201eVahepeal oli korralik kaos elus. N\u00fc\u00fcd on kaosest hakanud kord formuleeruma ja loodetavasti ka hinge pime \u00f6\u00f6 l\u00e4bi saama,\u201c s\u00f5nab Triin. \u201eElu paneb l\u00e4bi k\u00e4ima tormidest, et kuidagi endale l\u00e4hemale j\u00f5uaks. Minu suhe iseendaga on muutunud. J\u00f5ud ei l\u00e4he enam selle peale, nagu tunneks, et hoiad uppuvat Titanicut \u00fcleval. Minu jaoks muutis k\u00f5ike, kui sain oma neurodivergentsusele sobiva ankru, mis merep\u00f5hja lasta &#8211; et \u00fcldse oleks v\u00f5imalik&#8230;<\/p>\n","protected":false},"excerpt":{"rendered":"Filmire\u017eiss\u00f6\u00f6r Triin Ruumet (38) v\u00f5tab oma uues teatrilavastuses ette t\u00f5sielusarja t\u00fckkis paljastuste ja kismadega. Ta ise toimetab, kapuuts&hellip;\n","protected":false},"author":2,"featured_media":265362,"comment_status":"","ping_status":"","sticky":false,"template":"","format":"standard","meta":{"footnotes":"","_share_on_mastodon":"0"},"categories":[16],"tags":[37,33,35,18807,173,34,36,14083,212,140,60195,60194,11532,811],"class_list":["post-265361","post","type-post","status-publish","format-standard","has-post-thumbnail","category-meelelahutus","tag-ee","tag-eesti","tag-eesti-keel","tag-eneseabi","tag-entertainment","tag-estonia","tag-estonian","tag-festival","tag-juhan-ulfsak","tag-meelelahutus","tag-mis-ajasid-segadusse","tag-paevad","tag-trenn","tag-von-krahli-teater"],"share_on_mastodon":{"url":"https:\/\/pubeurope.com\/@ee\/117193542542685378","error":""},"_links":{"self":[{"href":"https:\/\/www.europesays.com\/ee\/wp-json\/wp\/v2\/posts\/265361","targetHints":{"allow":["GET"]}}],"collection":[{"href":"https:\/\/www.europesays.com\/ee\/wp-json\/wp\/v2\/posts"}],"about":[{"href":"https:\/\/www.europesays.com\/ee\/wp-json\/wp\/v2\/types\/post"}],"author":[{"embeddable":true,"href":"https:\/\/www.europesays.com\/ee\/wp-json\/wp\/v2\/users\/2"}],"replies":[{"embeddable":true,"href":"https:\/\/www.europesays.com\/ee\/wp-json\/wp\/v2\/comments?post=265361"}],"version-history":[{"count":0,"href":"https:\/\/www.europesays.com\/ee\/wp-json\/wp\/v2\/posts\/265361\/revisions"}],"wp:featuredmedia":[{"embeddable":true,"href":"https:\/\/www.europesays.com\/ee\/wp-json\/wp\/v2\/media\/265362"}],"wp:attachment":[{"href":"https:\/\/www.europesays.com\/ee\/wp-json\/wp\/v2\/media?parent=265361"}],"wp:term":[{"taxonomy":"category","embeddable":true,"href":"https:\/\/www.europesays.com\/ee\/wp-json\/wp\/v2\/categories?post=265361"},{"taxonomy":"post_tag","embeddable":true,"href":"https:\/\/www.europesays.com\/ee\/wp-json\/wp\/v2\/tags?post=265361"}],"curies":[{"name":"wp","href":"https:\/\/api.w.org\/{rel}","templated":true}]}}