{"id":265393,"date":"2026-09-01T04:17:08","date_gmt":"2026-09-01T04:17:08","guid":{"rendered":"https:\/\/www.europesays.com\/ee\/265393\/"},"modified":"2026-09-01T04:17:08","modified_gmt":"2026-09-01T04:17:08","slug":"elektrikell-%e2%9f%a9-elektri-borsihind-on-jatkuvalt-korge","status":"publish","type":"post","link":"https:\/\/www.europesays.com\/ee\/265393\/","title":{"rendered":"ELEKTRIKELL \u27e9 Elektri b\u00f6rsihind on j\u00e4tkuvalt k\u00f5rge"},"content":{"rendered":"<p>Elektrib\u00f6rsi Nord Pool Eesti hinnapiirkonnas p\u00fcsib elektri keskmine hind teisip\u00e4eval esmasp\u00e4evaga v\u00f5rreldes pea muutumatuna, kerkides 1,3 protsenti 98,67 euroni megavatt-tunnist.<\/p>\n<p>Kui L\u00e4tis ja Leedus tuleb teisip\u00e4eval elektri megavatt-tunni eest maksta keskmiselt 142,42 eurot, siis Soomes on hind Eestist ligi 22 protsenti soodsam, makstes 77,17 eurot.<\/p>\n","protected":false},"excerpt":{"rendered":"Elektrib\u00f6rsi Nord Pool Eesti hinnapiirkonnas p\u00fcsib elektri keskmine hind teisip\u00e4eval esmasp\u00e4evaga v\u00f5rreldes pea muutumatuna, kerkides 1,3 protsenti 98,67&hellip;\n","protected":false},"author":2,"featured_media":265394,"comment_status":"","ping_status":"","sticky":false,"template":"","format":"standard","meta":{"footnotes":"","_share_on_mastodon":"0"},"categories":[14],"tags":[103039,131,130,37,33,35,7276,103037,34,36,24394,24395,103038,18594],"class_list":["post-265393","post","type-post","status-publish","format-standard","has-post-thumbnail","category-ari","tag-43-eurot-megavatt-tunnist","tag-ari","tag-business","tag-ee","tag-eesti","tag-eesti-keel","tag-elektri-borsihind","tag-elektriborsi-nord-pool-eesti-hinnapiirkonnas","tag-estonia","tag-estonian","tag-latis","tag-leedus","tag-paeva-kalleim-tund-eestis","tag-soomes"],"share_on_mastodon":{"url":"https:\/\/pubeurope.com\/@ee\/117193857014273274","error":""},"_links":{"self":[{"href":"https:\/\/www.europesays.com\/ee\/wp-json\/wp\/v2\/posts\/265393","targetHints":{"allow":["GET"]}}],"collection":[{"href":"https:\/\/www.europesays.com\/ee\/wp-json\/wp\/v2\/posts"}],"about":[{"href":"https:\/\/www.europesays.com\/ee\/wp-json\/wp\/v2\/types\/post"}],"author":[{"embeddable":true,"href":"https:\/\/www.europesays.com\/ee\/wp-json\/wp\/v2\/users\/2"}],"replies":[{"embeddable":true,"href":"https:\/\/www.europesays.com\/ee\/wp-json\/wp\/v2\/comments?post=265393"}],"version-history":[{"count":0,"href":"https:\/\/www.europesays.com\/ee\/wp-json\/wp\/v2\/posts\/265393\/revisions"}],"wp:featuredmedia":[{"embeddable":true,"href":"https:\/\/www.europesays.com\/ee\/wp-json\/wp\/v2\/media\/265394"}],"wp:attachment":[{"href":"https:\/\/www.europesays.com\/ee\/wp-json\/wp\/v2\/media?parent=265393"}],"wp:term":[{"taxonomy":"category","embeddable":true,"href":"https:\/\/www.europesays.com\/ee\/wp-json\/wp\/v2\/categories?post=265393"},{"taxonomy":"post_tag","embeddable":true,"href":"https:\/\/www.europesays.com\/ee\/wp-json\/wp\/v2\/tags?post=265393"}],"curies":[{"name":"wp","href":"https:\/\/api.w.org\/{rel}","templated":true}]}}