{"id":265397,"date":"2026-09-01T04:41:13","date_gmt":"2026-09-01T04:41:13","guid":{"rendered":"https:\/\/www.europesays.com\/ee\/265397\/"},"modified":"2026-09-01T04:41:13","modified_gmt":"2026-09-01T04:41:13","slug":"2029-aasta-vanaduspensioniiga-on-65-aastat-ja-neli-kuud-eesti","status":"publish","type":"post","link":"https:\/\/www.europesays.com\/ee\/265397\/","title":{"rendered":"2029. aasta vanaduspensioniiga on 65 aastat ja neli kuud | Eesti"},"content":{"rendered":"<p>Sotsiaalministeerium saatis arvamuse avaldamiseks koosk\u00f5lastusringile eeln\u00f5u, mille j\u00e4rgi saab 2029. aastal minna vanaduspensionile 65 aasta ja nelja kuu vanuses. Praegu on vanaduspensioniiga 65 aastat ning 2027. aastal 65 aastat ja \u00fcks kuu.<\/p>\n<p>Seaduse j\u00e4rgi tuleb pensionile mineku vanus m\u00e4\u00e4rusega kinnitada kaks aastat varem. Alates 2027. aastast kehtib uus, juba 2018. aastal kinnitatud kord, kus iga kalendriaasta kohta kehtestatakse uus vanaduspensioniiga. Ehk pensionile j\u00e4\u00e4mise v\u00f5imalus ei s\u00f5ltu enam inimese s\u00fcnniaastast, vaid tema vanusest konkreetselt kalendriaastal.\u00a0<\/p>\n<p>Vanaduspensioniiga s\u00f5ltub 65-aastaste inimeste eeldatavast elueast ja seda arvutatakse viieaastase perioodi keskmisena. N\u00e4iteks 2029. aasta pensioniea arvutamisel v\u00f5etakse aluseks aastate 2021\u20132025 keskmine eeldatav eluiga.<\/p>\n<p>2029. aasta pensioniiga puudutab inimesi, kes on s\u00fcndinud ajavahemikus 1963. aasta oktoobrist kuni 1964. aasta augustini. 1964. aasta septembrist alates s\u00fcndinute pensioniiga s\u00f5ltub juba 2030. aastaks kehtestatavast pensionieast.<\/p>\n<p>Sotsiaalministeeriumi teatel on pensioniea t\u00f5stmine Euroopa Liidu liikmesriikides laialdaselt kasutusele v\u00f5etud meede, et leevendada demograafilist survet riiklikele pensionis\u00fcsteemidele. Mitmes riigis on vanust t\u00f5stetud v\u00f5i see on j\u00e4rk-j\u00e4rgult t\u00f5usmas 67. eluaastani.<\/p>\n<p>Lisaks on EL-i 27 liikmesriigist 12 otsustanud siduda pensioniea edasise t\u00f5usu automaatselt eeldatava eluea pikenemisega. Tulenevalt rahvastiku \u00fcldisest vananemisest p\u00f6\u00f6ratakse vanemaealiste (55\u201364-aastased) t\u00f6\u00f6turule toomisele ja nende t\u00f6\u00f6h\u00f5ive suurendamisele erilist t\u00e4helepanu k\u00f5ikides Euroopa Liidu riikides. Taanis on vanaduspensioniiga 67 aastat, kuid see on t\u00f5usmas 2040. aastaks kuni 70-nda eluaastani.<\/p>\n<p>2026. aasta 1. jaanuari seisuga oli Eestis 331\u00a0000 pension\u00e4ri, sealhulgas 315\u00a0000 vanaduspension\u00e4ri. Rahandusministeeriumi prognoosi j\u00e4rgi kasvab 2060. aastaks pension\u00e4ride arv umbes 340 000-ni.<\/p>\n<p><img decoding=\"async\" data-photo-id=\"3789586\" src=\"https:\/\/www.europesays.com\/ee\/wp-content\/uploads\/2026\/09\/3789586hc0det24.jpg\"\/>T\u00f6\u00f6ealiste ja pensioniealiste suhe aastatel 2025\u20132080. Autor\/allikas: Statistikaamet, sotsiaalministeeriumi arvutused<\/p>\n","protected":false},"excerpt":{"rendered":"Sotsiaalministeerium saatis arvamuse avaldamiseks koosk\u00f5lastusringile eeln\u00f5u, mille j\u00e4rgi saab 2029. aastal minna vanaduspensionile 65 aasta ja nelja kuu&hellip;\n","protected":false},"author":2,"featured_media":265398,"comment_status":"","ping_status":"","sticky":false,"template":"","format":"standard","meta":{"footnotes":"","_share_on_mastodon":"0"},"categories":[12],"tags":[26,27,37,33,35,34,36,31,32,21,28,29,19,8434,25,23,24,22,20,21216,30],"class_list":["post-265397","post","type-post","status-publish","format-standard","has-post-thumbnail","category-eesti","tag-breaking-news","tag-breakingnews","tag-ee","tag-eesti","tag-eesti-keel","tag-estonia","tag-estonian","tag-featured-news","tag-featurednews","tag-headlines","tag-latest-news","tag-latestnews","tag-news","tag-pensioniiga","tag-populaarseimad-lood","tag-top-stories","tag-topstories","tag-uldised-uudised","tag-uudised","tag-vanaduspension","tag-viimased-uudised"],"share_on_mastodon":{"url":"https:\/\/pubeurope.com\/@ee\/117193951643716794","error":""},"_links":{"self":[{"href":"https:\/\/www.europesays.com\/ee\/wp-json\/wp\/v2\/posts\/265397","targetHints":{"allow":["GET"]}}],"collection":[{"href":"https:\/\/www.europesays.com\/ee\/wp-json\/wp\/v2\/posts"}],"about":[{"href":"https:\/\/www.europesays.com\/ee\/wp-json\/wp\/v2\/types\/post"}],"author":[{"embeddable":true,"href":"https:\/\/www.europesays.com\/ee\/wp-json\/wp\/v2\/users\/2"}],"replies":[{"embeddable":true,"href":"https:\/\/www.europesays.com\/ee\/wp-json\/wp\/v2\/comments?post=265397"}],"version-history":[{"count":0,"href":"https:\/\/www.europesays.com\/ee\/wp-json\/wp\/v2\/posts\/265397\/revisions"}],"wp:featuredmedia":[{"embeddable":true,"href":"https:\/\/www.europesays.com\/ee\/wp-json\/wp\/v2\/media\/265398"}],"wp:attachment":[{"href":"https:\/\/www.europesays.com\/ee\/wp-json\/wp\/v2\/media?parent=265397"}],"wp:term":[{"taxonomy":"category","embeddable":true,"href":"https:\/\/www.europesays.com\/ee\/wp-json\/wp\/v2\/categories?post=265397"},{"taxonomy":"post_tag","embeddable":true,"href":"https:\/\/www.europesays.com\/ee\/wp-json\/wp\/v2\/tags?post=265397"}],"curies":[{"name":"wp","href":"https:\/\/api.w.org\/{rel}","templated":true}]}}