{"id":265401,"date":"2026-09-01T04:49:08","date_gmt":"2026-09-01T04:49:08","guid":{"rendered":"https:\/\/www.europesays.com\/ee\/265401\/"},"modified":"2026-09-01T04:49:08","modified_gmt":"2026-09-01T04:49:08","slug":"video-%e2%9f%a9-selgus-esimene-mmile-paasev-euroopa-voistkond-uhes-alagrupis-valitseb-poorane-seis","status":"publish","type":"post","link":"https:\/\/www.europesays.com\/ee\/265401\/","title":{"rendered":"VIDEO \u27e9 Selgus esimene MMile p\u00e4\u00e4sev Euroopa v\u00f5istkond, \u00fches alagrupis valitseb p\u00f6\u00f6rane seis"},"content":{"rendered":"<p>2027. aasta korvpalli MMi valiksarja Euroopa tsoonis l\u00f5ppes otsustava faasi esimene aken. P\u00e4ris paljud meeskonnad v\u00f5ivad end juba mugavalt tunda, aga nii m\u00f5neski seltskonnas jagub veel k\u00f5vasti higistamist.<\/p>\n<p>Esimesena pistis p\u00e4ris ametlikult Katari pileti taskusse T\u00fcrgi. Kui reedel alistati kodus 94:66 Leedu, siis esmasp\u00e4eval k\u00e4idi v\u00f5\u00f5rsil Islandist \u00fcle lausa 110:73.<\/p>\n","protected":false},"excerpt":{"rendered":"2027. aasta korvpalli MMi valiksarja Euroopa tsoonis l\u00f5ppes otsustava faasi esimene aken. P\u00e4ris paljud meeskonnad v\u00f5ivad end juba&hellip;\n","protected":false},"author":2,"featured_media":265402,"comment_status":"","ping_status":"","sticky":false,"template":"","format":"standard","meta":{"footnotes":"","_share_on_mastodon":"0"},"categories":[18],"tags":[103041,11143,37,33,35,34,36,110,103042,109,102990,2350,115,10182,2729,3822,159,158,329,262],"class_list":["post-265401","post","type-post","status-publish","format-standard","has-post-thumbnail","category-sport","tag-2027-aasta-korvpalli-mm","tag-bosnia-ja-hertsegoviina","tag-ee","tag-eesti","tag-eesti-keel","tag-estonia","tag-estonian","tag-hispaania","tag-i-alagrupp","tag-itaalia","tag-j-alagrupp","tag-kreeka","tag-leedu","tag-montenegro","tag-portugal","tag-serbia","tag-sport","tag-sports","tag-turgi","tag-ukraina"],"share_on_mastodon":{"url":"https:\/\/pubeurope.com\/@ee\/117193982768932454","error":""},"_links":{"self":[{"href":"https:\/\/www.europesays.com\/ee\/wp-json\/wp\/v2\/posts\/265401","targetHints":{"allow":["GET"]}}],"collection":[{"href":"https:\/\/www.europesays.com\/ee\/wp-json\/wp\/v2\/posts"}],"about":[{"href":"https:\/\/www.europesays.com\/ee\/wp-json\/wp\/v2\/types\/post"}],"author":[{"embeddable":true,"href":"https:\/\/www.europesays.com\/ee\/wp-json\/wp\/v2\/users\/2"}],"replies":[{"embeddable":true,"href":"https:\/\/www.europesays.com\/ee\/wp-json\/wp\/v2\/comments?post=265401"}],"version-history":[{"count":0,"href":"https:\/\/www.europesays.com\/ee\/wp-json\/wp\/v2\/posts\/265401\/revisions"}],"wp:featuredmedia":[{"embeddable":true,"href":"https:\/\/www.europesays.com\/ee\/wp-json\/wp\/v2\/media\/265402"}],"wp:attachment":[{"href":"https:\/\/www.europesays.com\/ee\/wp-json\/wp\/v2\/media?parent=265401"}],"wp:term":[{"taxonomy":"category","embeddable":true,"href":"https:\/\/www.europesays.com\/ee\/wp-json\/wp\/v2\/categories?post=265401"},{"taxonomy":"post_tag","embeddable":true,"href":"https:\/\/www.europesays.com\/ee\/wp-json\/wp\/v2\/tags?post=265401"}],"curies":[{"name":"wp","href":"https:\/\/api.w.org\/{rel}","templated":true}]}}