{"id":265423,"date":"2026-09-01T05:36:08","date_gmt":"2026-09-01T05:36:08","guid":{"rendered":"https:\/\/www.europesays.com\/ee\/265423\/"},"modified":"2026-09-01T05:36:08","modified_gmt":"2026-09-01T05:36:08","slug":"kaitsevagi-andis-oosel-narva-suunas-lennanud-drooni-parast-virumaa-elanikele-ohuhoiatuse","status":"publish","type":"post","link":"https:\/\/www.europesays.com\/ee\/265423\/","title":{"rendered":"Kaitsev\u00e4gi andis \u00f6\u00f6sel Narva suunas lennanud drooni p\u00e4rast Virumaa elanikele ohuhoiatuse"},"content":{"rendered":"<p>Rakenduse EE-Alarm kaudu tuli kell kolm \u00f6\u00f6sel Virumaa elanike telefonidele s\u00f5num: &#8220;Kaitsev\u00e4gi: 01.09.2026 03:00 v\u00f6imalik \u00f6huoht L\u00e4\u00e4ne- ja Ida-Virumaal. Drooni n\u00e4hes varju ja helista 112. Lisainfo kriis.ee ja 1247.&#8221;<\/p>\n<p>Kell 03.38 l\u00e4ks \u00f5huohu hoiatusteade teele ka Tartu, J\u00f6geva, Viljandi, Valga, V\u00f6ru ja P\u00f6lva maakondade elanikele.<\/p>\n<p>Teade \u00f5huohu l\u00f5ppemisest tuli kell 5.30.<\/p>\n<p>\u00d5huv\u00e4e \u00fclem brigaadikindral Riivo Valge r\u00e4\u00e4kis teisip\u00e4eva hommikul <a target=\"_blank\" rel=\"noopener noreferrer nofollow\" href=\"https:\/\/jupiter.err.ee\/1038506\">ETV saates &#8220;Terevisioon&#8221;<\/a>, et \u00fcks droon v\u00f5ttis Venemaalt korraks suuna Narva poole ja teine droon \u00fcletas m\u00f5ni aeg hiljem ka Kagu-Eestis meie piiri.<\/p>\n<p>Riivo Valge \u00fctles, et kella kahe paiku \u00f6\u00f6sel oli n\u00e4ha, et Ukraina on korraldamas droonidega suuremat \u00f5hul\u00f6\u00f6ki Venemaale ning Eesti piiri taga oli n\u00e4ha k\u00fcmnekonna drooni liikumist.<\/p>\n<p>&#8220;Kahjuks kella kolme paiku \u00fcks neist droonidest v\u00f5ttis suuna Narva poole ja selle tulemusena panime k\u00e4ima teavituse elanikkonnale. Esimese asjana aktiveerisime oma \u00f5hukaitse\u00fcksused maa peal ja kohe teisena l\u00e4ksid h\u00e4vitajad \u00f5hku \u00c4marist,&#8221; s\u00f5nas ta.<\/p>\n<p>M\u00f5ne aja p\u00e4rast sai selgeks, et Narva poole suundunud droon kaldus tagasi Venemaa poole ja Eestisse ei tulnud.<\/p>\n<p>&#8220;Aga umbes pool tundi hiljem oli teine intsident drooniga Kagu-Eestis. See \u00fcletas ka Eesti piiri ja j\u00e4i piiritsooni l\u00e4hedale. Tegu oli siiski ettearvamatu k\u00e4itumisega ja tuletan meelde, et neid droone vahetult meie piiri taga oli veel rohkem.,&#8221; edastastas <a target=\"_blank\" rel=\"noopener noreferrer nofollow\" href=\"https:\/\/www.err.ee\/1610124781\/ohuvae-ulem-uks-droon-lendas-narva-suunas-ja-teine-uletas-eesti-piiri-kagu-eestis\">ERRi uudisteportaal<\/a> \u00f5huv\u00e4e \u00fclema poolt \u00f6eldut.<\/p>\n<p>&#8220;Meie \u00f5nneks droonid Eestisse ei kukkunud, lennukid tuld ei avanud ehk siis rakett meil ka kuskil ei vedele. Kella viieks oli teisel pool piiri rahu v\u00f5i vaikuse aeg saabunud ja saime h\u00e4ire maha v\u00f5tta,&#8221; s\u00f5nas Riivo Valge.<\/p>\n<p>\u00d5huv\u00e4e \u00fclem kinnitas, et praegu on olukord rahulik ja Eesti inimestel tasub keskenduda laste kooli minekule.<\/p>\n","protected":false},"excerpt":{"rendered":"Rakenduse EE-Alarm kaudu tuli kell kolm \u00f6\u00f6sel Virumaa elanike telefonidele s\u00f5num: &#8220;Kaitsev\u00e4gi: 01.09.2026 03:00 v\u00f6imalik \u00f6huoht L\u00e4\u00e4ne- ja&hellip;\n","protected":false},"author":2,"featured_media":265424,"comment_status":"","ping_status":"","sticky":false,"template":"","format":"standard","meta":{"footnotes":"","_share_on_mastodon":"0"},"categories":[12],"tags":[2873,26,27,884,37,8729,33,35,34,36,31,32,21,2522,2645,1446,28,29,2521,35720,19,65456,9877,25,8564,23,24,262,22,20,96,30],"class_list":["post-265423","post","type-post","status-publish","format-standard","has-post-thumbnail","category-eesti","tag-amari","tag-breaking-news","tag-breakingnews","tag-droonirunnak","tag-ee","tag-ee-alarm","tag-eesti","tag-eesti-keel","tag-estonia","tag-estonian","tag-featured-news","tag-featurednews","tag-headlines","tag-ida-virumaa","tag-kaitsevagi","tag-laane-virumaa","tag-latest-news","tag-latestnews","tag-narva","tag-narva-piiripunkt","tag-news","tag-ohuoht","tag-ohuvagi","tag-populaarseimad-lood","tag-riivo-valge","tag-top-stories","tag-topstories","tag-ukraina","tag-uldised-uudised","tag-uudised","tag-venemaa","tag-viimased-uudised"],"share_on_mastodon":{"url":"https:\/\/pubeurope.com\/@ee\/117194167782776313","error":""},"_links":{"self":[{"href":"https:\/\/www.europesays.com\/ee\/wp-json\/wp\/v2\/posts\/265423","targetHints":{"allow":["GET"]}}],"collection":[{"href":"https:\/\/www.europesays.com\/ee\/wp-json\/wp\/v2\/posts"}],"about":[{"href":"https:\/\/www.europesays.com\/ee\/wp-json\/wp\/v2\/types\/post"}],"author":[{"embeddable":true,"href":"https:\/\/www.europesays.com\/ee\/wp-json\/wp\/v2\/users\/2"}],"replies":[{"embeddable":true,"href":"https:\/\/www.europesays.com\/ee\/wp-json\/wp\/v2\/comments?post=265423"}],"version-history":[{"count":0,"href":"https:\/\/www.europesays.com\/ee\/wp-json\/wp\/v2\/posts\/265423\/revisions"}],"wp:featuredmedia":[{"embeddable":true,"href":"https:\/\/www.europesays.com\/ee\/wp-json\/wp\/v2\/media\/265424"}],"wp:attachment":[{"href":"https:\/\/www.europesays.com\/ee\/wp-json\/wp\/v2\/media?parent=265423"}],"wp:term":[{"taxonomy":"category","embeddable":true,"href":"https:\/\/www.europesays.com\/ee\/wp-json\/wp\/v2\/categories?post=265423"},{"taxonomy":"post_tag","embeddable":true,"href":"https:\/\/www.europesays.com\/ee\/wp-json\/wp\/v2\/tags?post=265423"}],"curies":[{"name":"wp","href":"https:\/\/api.w.org\/{rel}","templated":true}]}}