{"id":265431,"date":"2026-09-01T05:47:26","date_gmt":"2026-09-01T05:47:26","guid":{"rendered":"https:\/\/www.europesays.com\/ee\/265431\/"},"modified":"2026-09-01T05:47:26","modified_gmt":"2026-09-01T05:47:26","slug":"kontserdi-segadus-%e2%9f%a9-hundi-esinemine-soomes-jai-ootamatult-ara-midagi-pole-ara-keelatud-see-on-puhas-loll-jutt","status":"publish","type":"post","link":"https:\/\/www.europesays.com\/ee\/265431\/","title":{"rendered":"KONTSERDI SEGADUS \u27e9 Hundi esinemine Soomes j\u00e4i ootamatult \u00e4ra. \u00abMidagi pole \u00e4ra keelatud! See on puhas loll jutt!\u00bb"},"content":{"rendered":"<p>Soomes asuv burksikiosk \u00c4mmassuon Grill teatas ootamatult, et esinema pidanud Hunt ehk Andrus Muld lavale ei astugi. K\u00f5nealuse posituse all on Soomes elavad eestlased aga leilis. \u00abMida kuradit, kuidas saab keegi keelata?\u00bb R\u00e4ppar Hunt \u00fctleb, et keegi ei ole keelanud tal esineda: \u00abNeed, kes meid tellisid, ajasid h\u00e4ma.\u00bb<\/p>\n<p>Laup\u00e4eval teatas Soomes asuv eestlaste menupaik \u00c4mmassuon Grill ootamatult, et kahjuks j\u00e4\u00e4b v\u00e4ljakuulutatud esinemine \u00e4ra.<\/p>\n","protected":false},"excerpt":{"rendered":"Soomes asuv burksikiosk \u00c4mmassuon Grill teatas ootamatult, et esinema pidanud Hunt ehk Andrus Muld lavale ei astugi. K\u00f5nealuse&hellip;\n","protected":false},"author":2,"featured_media":265432,"comment_status":"","ping_status":"","sticky":false,"template":"","format":"standard","meta":{"footnotes":"","_share_on_mastodon":"0"},"categories":[12],"tags":[26,27,37,33,35,137,152,153,151,34,36,31,32,148,21,154,142,28,29,143,140,144,19,141,146,25,147,145,138,150,155,139,23,24,22,20,149,30],"class_list":["post-265431","post","type-post","status-publish","format-standard","has-post-thumbnail","category-eesti","tag-breaking-news","tag-breakingnews","tag-ee","tag-eesti","tag-eesti-keel","tag-elu","tag-elu-24","tag-elu24-ee","tag-erna-husko","tag-estonia","tag-estonian","tag-featured-news","tag-featurednews","tag-foto","tag-headlines","tag-koroonaviirus","tag-kuulsus","tag-latest-news","tag-latestnews","tag-live","tag-meelelahutus","tag-muusika","tag-news","tag-pidu","tag-pommuudis","tag-populaarseimad-lood","tag-reality","tag-saade","tag-saagim","tag-seks","tag-silvia-ilves","tag-staar","tag-top-stories","tag-topstories","tag-uldised-uudised","tag-uudised","tag-video","tag-viimased-uudised"],"share_on_mastodon":{"url":"","error":"Validation failed: Text character limit of 500 exceeded"},"_links":{"self":[{"href":"https:\/\/www.europesays.com\/ee\/wp-json\/wp\/v2\/posts\/265431","targetHints":{"allow":["GET"]}}],"collection":[{"href":"https:\/\/www.europesays.com\/ee\/wp-json\/wp\/v2\/posts"}],"about":[{"href":"https:\/\/www.europesays.com\/ee\/wp-json\/wp\/v2\/types\/post"}],"author":[{"embeddable":true,"href":"https:\/\/www.europesays.com\/ee\/wp-json\/wp\/v2\/users\/2"}],"replies":[{"embeddable":true,"href":"https:\/\/www.europesays.com\/ee\/wp-json\/wp\/v2\/comments?post=265431"}],"version-history":[{"count":0,"href":"https:\/\/www.europesays.com\/ee\/wp-json\/wp\/v2\/posts\/265431\/revisions"}],"wp:featuredmedia":[{"embeddable":true,"href":"https:\/\/www.europesays.com\/ee\/wp-json\/wp\/v2\/media\/265432"}],"wp:attachment":[{"href":"https:\/\/www.europesays.com\/ee\/wp-json\/wp\/v2\/media?parent=265431"}],"wp:term":[{"taxonomy":"category","embeddable":true,"href":"https:\/\/www.europesays.com\/ee\/wp-json\/wp\/v2\/categories?post=265431"},{"taxonomy":"post_tag","embeddable":true,"href":"https:\/\/www.europesays.com\/ee\/wp-json\/wp\/v2\/tags?post=265431"}],"curies":[{"name":"wp","href":"https:\/\/api.w.org\/{rel}","templated":true}]}}