{"id":265459,"date":"2026-09-01T06:42:09","date_gmt":"2026-09-01T06:42:09","guid":{"rendered":"https:\/\/www.europesays.com\/ee\/265459\/"},"modified":"2026-09-01T06:42:09","modified_gmt":"2026-09-01T06:42:09","slug":"trump-kutsus-venemaa-tagasi-g20-laua-taha-eurooplastel-onnestus-ta-vahemalt-grupifotolt-minema-puksida","status":"publish","type":"post","link":"https:\/\/www.europesays.com\/ee\/265459\/","title":{"rendered":"Trump kutsus Venemaa tagasi G20 laua taha. Eurooplastel \u00f5nnestus ta v\u00e4hemalt grupifotolt minema puksida"},"content":{"rendered":"<p>Venemaa rahandusminister <a rel=\"noopener nofollow\" target=\"_blank\" href=\"https:\/\/www.delfi.ee\/teema\/65859452\/anton-siluanov\" tag-id=\"65859452\">Anton Siluanov<\/a> oli eile USA v\u00f5\u00f5rustatud G20 kohtumisel kohal ja USA rahandusminister <a rel=\"noopener nofollow\" target=\"_blank\" href=\"https:\/\/www.delfi.ee\/teema\/96867057\/scott-bessent\" tag-id=\"96867057\">Scott Bessent<\/a> kohtus temaga ka kahepoolselt, vahendab Politico.<\/p>\n<p>Siluanovi osalemine <a rel=\"noopener nofollow\" target=\"_blank\" href=\"https:\/\/www.delfi.ee\/teema\/78572433\/pohja-carolina\" tag-id=\"78572433\">P\u00f5hja-Carolina<\/a> osariigis Asheville\u2019is toimuval kohtumisel kohtas aga Euroopa esindajate vastuseisu ja Politico teatel oli sekeldusi osalejate grupifoto korraldamisega.<\/p>\n<p>\u201eMinister Bessentil oli Venemaa rahandusministriga tulemuslik kohtumine,\u201c \u00fctles USA rahandusministri aset\u00e4itja Erin Browne Politicole. Browne lisas, et Bessent \u201eedastas talle, et s\u00f5da peab l\u00f5ppema ja me tahame n\u00e4ha rahumeelset tulemust\u201c.<\/p>\n<p>USA rahandusministeeriumi pressiesindaja \u00fctles, et Bessent ja Siluanov arutasid \u201eTrumpi rahu- ja majanduskasvuplaani\u201c.<\/p>\n<p>Browne \u00fctles, et Venemaa kaasamine oli Valge Maja otsus. \u201eMe j\u00e4rgime Valge Maja protokolli,\u201c \u00fctles ta.<\/p>\n<p>Otsuse kohta k\u00fcsiti eile kommentaari ka Trumpilt endalt.<\/p>\n<p>\u201eMeile meeldib k\u00f5igiga l\u00e4bi saada,\u201c \u00fctles Trump ajakirjanikele. \u201e\u00dcks p\u00f5hjuseid, miks ma olen nii edukas, on see, et ma saan k\u00f5igiga l\u00e4bi.\u201c<\/p>\n<p>Kohtumisega kursis olev allikas \u00fctles Politicole, et Bessent tegi kohtumisel Siluanovile selgeks, et USA ei paku Venemaale majanduslikku kergendust enne, kui <a rel=\"noopener nofollow\" target=\"_blank\" href=\"https:\/\/www.delfi.ee\/teema\/95998249\/soda-ukrainas-1\" tag-id=\"95998249\">s\u00f5da Ukrainas<\/a> l\u00f5peb. Kui Siluanov \u201ep\u00fc\u00fcdis arutada huvi pakkuvaid valdkondi, mille kallal tegutseda, katkestas minister Bessent ta j\u00f5uliselt ja \u00fctles, et miski ei ole v\u00f5imalik enne, kui s\u00f5da on l\u00e4bi,\u201c \u00fctles anon\u00fc\u00fcmseks j\u00e4\u00e4nud allikas.<\/p>\n<p><a rel=\"noopener nofollow\" target=\"_blank\" href=\"https:\/\/www.delfi.ee\/teema\/23342327\/saksamaa\" tag-id=\"23342327\">Saksamaa<\/a> rahandusminister <a rel=\"noopener nofollow\" target=\"_blank\" href=\"https:\/\/www.delfi.ee\/teema\/96868366\/lars-klingbeil\" tag-id=\"96868366\">Lars Klingbeil<\/a> \u00fctles ajakirjanikele, et tegi selgeks, et \u201etema ei poseeri grupifoto jaoks koos Venemaa rahandusministriga\u201c, ning m\u00e4rkis, et sellist fotot ei ole aastaid tehtud. Klingbeil lisas, et koordineeris selles k\u00fcsimuses teiste Euroopa esindajatega.<\/p>\n<p>\u201eEurooplaste \u00fchine l\u00e4henemine t\u00e4hendas l\u00f5puks seda, et grupifoto tehti ilma Venemaa rahandusministri ja Venemaa delegatsioonita,\u201c \u00fctles Klingbeil.<\/p>\n<p>Klingbeil teatas, et kasutas juhust, et \u201e\u00f6elda Venemaa rahandusministrile otse n\u00e4kku\u201c, et Venemaa valitsus peab s\u00f5ja Ukraina vastu l\u00f5petama.<\/p>\n<p>Kuidas see lugu Sind end tundma pani?Saada<a href=\"https:\/\/www.delfi.ee\/artikkel\/120607455\/trump-kutsus-venemaa-tagasi-g20-laua-taha-eurooplastel-onnestus-ta-vahemalt-grupifotolt-minema-puksida\/kommentaarid\" class=\"button button--primary button--size-auto article-body-bottom__comment article-body-bottom__comment--write\" style=\"\" rel=\"nofollow noopener\" target=\"_blank\">Kommenteeri<\/a><a href=\"https:\/\/www.delfi.ee\/artikkel\/120607455\/trump-kutsus-venemaa-tagasi-g20-laua-taha-eurooplastel-onnestus-ta-vahemalt-grupifotolt-minema-puksida\/kommentaarid\" class=\"button button--size-auto article-body-bottom__comment article-body-bottom__comment--read\" style=\"\" rel=\"nofollow noopener\" target=\"_blank\">Loe kommentaare (7)<\/a><\/p>\n","protected":false},"excerpt":{"rendered":"Venemaa rahandusminister Anton Siluanov oli eile USA v\u00f5\u00f5rustatud G20 kohtumisel kohal ja USA rahandusminister Scott Bessent kohtus temaga&hellip;\n","protected":false},"author":2,"featured_media":265460,"comment_status":"","ping_status":"","sticky":false,"template":"","format":"standard","meta":{"footnotes":"","_share_on_mastodon":"0"},"categories":[80],"tags":[13423,26,27,324,37,33,35,34,36,112,31,32,18748,21,33546,28,29,95,19,10069,25,51,11940,107,23,24,22,325,20,1177,96,30,92,93,94],"class_list":["post-265459","post","type-post","status-publish","format-standard","has-post-thumbnail","category-maailm","tag-anton-siluanov","tag-breaking-news","tag-breakingnews","tag-donald-trump","tag-ee","tag-eesti","tag-eesti-keel","tag-estonia","tag-estonian","tag-euroopa","tag-featured-news","tag-featurednews","tag-g20","tag-headlines","tag-lars-klingbeil","tag-latest-news","tag-latestnews","tag-maailm","tag-news","tag-pohja-carolina","tag-populaarseimad-lood","tag-saksamaa","tag-scott-bessent","tag-soda-ukrainas","tag-top-stories","tag-topstories","tag-uldised-uudised","tag-usa","tag-uudised","tag-valge-maja-usa","tag-venemaa","tag-viimased-uudised","tag-world","tag-world-news","tag-worldnews"],"share_on_mastodon":{"url":"","error":"Validation failed: Text character limit of 500 exceeded"},"_links":{"self":[{"href":"https:\/\/www.europesays.com\/ee\/wp-json\/wp\/v2\/posts\/265459","targetHints":{"allow":["GET"]}}],"collection":[{"href":"https:\/\/www.europesays.com\/ee\/wp-json\/wp\/v2\/posts"}],"about":[{"href":"https:\/\/www.europesays.com\/ee\/wp-json\/wp\/v2\/types\/post"}],"author":[{"embeddable":true,"href":"https:\/\/www.europesays.com\/ee\/wp-json\/wp\/v2\/users\/2"}],"replies":[{"embeddable":true,"href":"https:\/\/www.europesays.com\/ee\/wp-json\/wp\/v2\/comments?post=265459"}],"version-history":[{"count":0,"href":"https:\/\/www.europesays.com\/ee\/wp-json\/wp\/v2\/posts\/265459\/revisions"}],"wp:featuredmedia":[{"embeddable":true,"href":"https:\/\/www.europesays.com\/ee\/wp-json\/wp\/v2\/media\/265460"}],"wp:attachment":[{"href":"https:\/\/www.europesays.com\/ee\/wp-json\/wp\/v2\/media?parent=265459"}],"wp:term":[{"taxonomy":"category","embeddable":true,"href":"https:\/\/www.europesays.com\/ee\/wp-json\/wp\/v2\/categories?post=265459"},{"taxonomy":"post_tag","embeddable":true,"href":"https:\/\/www.europesays.com\/ee\/wp-json\/wp\/v2\/tags?post=265459"}],"curies":[{"name":"wp","href":"https:\/\/api.w.org\/{rel}","templated":true}]}}