{"id":265473,"date":"2026-09-01T07:03:10","date_gmt":"2026-09-01T07:03:10","guid":{"rendered":"https:\/\/www.europesays.com\/ee\/265473\/"},"modified":"2026-09-01T07:03:10","modified_gmt":"2026-09-01T07:03:10","slug":"tiitlikaitsja-arsenal-alistas-voorsil-villa-ning-jatkab-taiseduga","status":"publish","type":"post","link":"https:\/\/www.europesays.com\/ee\/265473\/","title":{"rendered":"Tiitlikaitsja Arsenal alistas v\u00f5\u00f5rsil Villa ning j\u00e4tkab t\u00e4iseduga"},"content":{"rendered":"<p>Villa alustas m\u00e4ngu h\u00e4sti ja tekitas Arsenalile probleeme, kuid avapoolajal v\u00e4ravaid ei s\u00fcndinud. Villa oli isegi l\u00e4hedal juhtima asumisele, kui Emi Buendia l\u00f6\u00f6k tabas v\u00e4ravalatti.<\/p>\n<p>Teisel poolajal haaras Arsenal m\u00e4ngu rohkem enda kontrolli alla. 55. minutil m\u00e4\u00e4rati neile Ian Maatseni vea eest <a rel=\"noopener nofollow\" target=\"_blank\" href=\"https:\/\/www.delfi.ee\/teema\/62706876\/saka\" tag-id=\"62706876\">Saka<\/a> vastu penalti, kuid VAR tuvastas, et kontakt toimus karistusalast v\u00e4ljaspool, ning otsus muudeti. M\u00f5ni hetk hiljem l\u00f5i Saka siiski avav\u00e4rava, suunates Riccardo Calafiori madala tsenderduse v\u00e4ravasse.<\/p>\n<p>Villa \u00fcritas m\u00e4ngu tagasi tulla ning Arsenalil oli v\u00f5imalus eduseisu suurendada, kuid Kai Havertz ei suutnud head v\u00f5imalust \u00e4ra realiseerida. Londoni klubi kaitses l\u00f5puni kindlalt ega lubanud vastastel viigiv\u00e4ravat l\u00fc\u00fca.<\/p>\n<p>Arsenal v\u00f5ttis seega hooaja teise v\u00f5idu ning j\u00e4tkab t\u00e4iseduga. J\u00e4rgmisel n\u00e4dalavahetusel ootab neid ees suur vastasseis Chelseaga. Aston Villa s\u00f5idab samal ajal k\u00fclla Hull Cityle, et p\u00fc\u00fcda hooaja esimesi punkte.<\/p>\n<p>Kuidas see lugu Sind end tundma pani?Saada<a href=\"https:\/\/sport.delfi.ee\/artikkel\/120607454\/tiitlikaitsja-arsenal-alistas-voorsil-villa-ning-jatkab-taiseduga\/kommentaarid\" class=\"button button--primary button--size-auto article-body-bottom__comment article-body-bottom__comment--write\" style=\"\" rel=\"nofollow noopener\" target=\"_blank\">Kommenteeri<\/a><a href=\"https:\/\/sport.delfi.ee\/artikkel\/120607454\/tiitlikaitsja-arsenal-alistas-voorsil-villa-ning-jatkab-taiseduga\/kommentaarid\" class=\"button button--size-auto article-body-bottom__comment article-body-bottom__comment--read\" style=\"\" rel=\"nofollow noopener\" target=\"_blank\">Loe kommentaare <\/a><\/p>\n","protected":false},"excerpt":{"rendered":"Villa alustas m\u00e4ngu h\u00e4sti ja tekitas Arsenalile probleeme, kuid avapoolajal v\u00e4ravaid ei s\u00fcndinud. Villa oli isegi l\u00e4hedal juhtima&hellip;\n","protected":false},"author":2,"featured_media":265474,"comment_status":"","ping_status":"","sticky":false,"template":"","format":"standard","meta":{"footnotes":"","_share_on_mastodon":"0"},"categories":[18],"tags":[37,33,35,34,36,4529,7995,159,158],"class_list":["post-265473","post","type-post","status-publish","format-standard","has-post-thumbnail","category-sport","tag-ee","tag-eesti","tag-eesti-keel","tag-estonia","tag-estonian","tag-londoni-arsenal","tag-saka","tag-sport","tag-sports"],"share_on_mastodon":{"url":"https:\/\/pubeurope.com\/@ee\/117194509928051593","error":""},"_links":{"self":[{"href":"https:\/\/www.europesays.com\/ee\/wp-json\/wp\/v2\/posts\/265473","targetHints":{"allow":["GET"]}}],"collection":[{"href":"https:\/\/www.europesays.com\/ee\/wp-json\/wp\/v2\/posts"}],"about":[{"href":"https:\/\/www.europesays.com\/ee\/wp-json\/wp\/v2\/types\/post"}],"author":[{"embeddable":true,"href":"https:\/\/www.europesays.com\/ee\/wp-json\/wp\/v2\/users\/2"}],"replies":[{"embeddable":true,"href":"https:\/\/www.europesays.com\/ee\/wp-json\/wp\/v2\/comments?post=265473"}],"version-history":[{"count":0,"href":"https:\/\/www.europesays.com\/ee\/wp-json\/wp\/v2\/posts\/265473\/revisions"}],"wp:featuredmedia":[{"embeddable":true,"href":"https:\/\/www.europesays.com\/ee\/wp-json\/wp\/v2\/media\/265474"}],"wp:attachment":[{"href":"https:\/\/www.europesays.com\/ee\/wp-json\/wp\/v2\/media?parent=265473"}],"wp:term":[{"taxonomy":"category","embeddable":true,"href":"https:\/\/www.europesays.com\/ee\/wp-json\/wp\/v2\/categories?post=265473"},{"taxonomy":"post_tag","embeddable":true,"href":"https:\/\/www.europesays.com\/ee\/wp-json\/wp\/v2\/tags?post=265473"}],"curies":[{"name":"wp","href":"https:\/\/api.w.org\/{rel}","templated":true}]}}