{"id":265493,"date":"2026-09-01T07:28:12","date_gmt":"2026-09-01T07:28:12","guid":{"rendered":"https:\/\/www.europesays.com\/ee\/265493\/"},"modified":"2026-09-01T07:28:12","modified_gmt":"2026-09-01T07:28:12","slug":"nepali-ja-tiibeti-katastroofilises-tulvas-hukkunute-arv-uletas-tuhande-piiri","status":"publish","type":"post","link":"https:\/\/www.europesays.com\/ee\/265493\/","title":{"rendered":"Nepali ja Tiibeti katastroofilises tulvas hukkunute arv \u00fcletas tuhande piiri"},"content":{"rendered":"<p>Nepali v\u00f5imud teatasid t\u00e4na, et seal on registreeritud 987 hukkunut ja 3916 inimest on kadunud, sealhulgas 583 v\u00e4lismaalast. <a rel=\"noopener nofollow\" target=\"_blank\" href=\"https:\/\/www.delfi.ee\/teema\/1165\/hiina\" tag-id=\"1165\">Hiina<\/a> v\u00f5imude viimase, p\u00fchap\u00e4eval avaldatud teate j\u00e4rgi on seal hukkunuid 16 ja kadunuid 546, vahendab Associated Press.<\/p>\n<p>Seni on p\u00e4\u00e4stetud v\u00e4hemalt 11 814 inimest, teatasid Nepali v\u00f5imud. Kasutatakse helikoptereid ja muid lennuvahendeid, et j\u00f5uda \u00e4ral\u00f5igatud piirkondadesse, kus tulvad ja maalihked on teed ja sillad h\u00e4vitanud.<\/p>\n<p>26. augusti katastroof algas s\u00fcndmuste ahelaga k\u00f5rgel <a rel=\"noopener nofollow\" target=\"_blank\" href=\"https:\/\/www.delfi.ee\/teema\/56817286\/himaalaja\" tag-id=\"56817286\">Himaalaja<\/a> m\u00e4gedes. Liustiku kokkuvarisemine saatis suure hulga kive, j\u00e4\u00e4d ja sulamisvett allapoole orgudesse.<\/p>\n<p>Satelliidifotosid uurivate teadlaste s\u00f5nul paistab olevat toimunud ka liustikualuste kivimite varing. Kogu varing oli nii tugev, et registreeriti seismiline s\u00fcndmus magnituudiga 5,2.<\/p>\n<p>Vee- ja mudavool j\u00f5udis j\u00f5gedesse, mis voolavad Tiibetis ja Nepalis l\u00e4bi orgude. Tulvaveed p\u00fchkisid minema elumaju ja muid hooneid, teid ja sildu ning kandsid kaasa muda ja kivirahne.<\/p>\n<p>Endiselt otsitakse tuhandeid kadunud inimesi. Samuti p\u00fc\u00fctakse viia abi piirkondadesse, mis on muust maailmast \u00e4ra l\u00f5igatud.<\/p>\n<p>P\u00e4\u00e4stjate jaoks on prioriteet leida v\u00e4hemalt 900 inimest, kes t\u00f6\u00f6tasid 12 h\u00fcdroenergiaobjektil, mida tulv kahjustas. Umbes 500 inimest arvatakse olevat l\u00f5ksus tunnelites.<\/p>\n<p>Kuidas see lugu Sind end tundma pani?Saada<a href=\"https:\/\/www.delfi.ee\/artikkel\/120607477\/nepali-ja-tiibeti-katastroofilises-tulvas-hukkunute-arv-uletas-tuhande-piiri\/kommentaarid\" class=\"button button--primary button--size-auto article-body-bottom__comment article-body-bottom__comment--write\" style=\"\" rel=\"nofollow noopener\" target=\"_blank\">Kommenteeri<\/a><a href=\"https:\/\/www.delfi.ee\/artikkel\/120607477\/nepali-ja-tiibeti-katastroofilises-tulvas-hukkunute-arv-uletas-tuhande-piiri\/kommentaarid\" class=\"button button--size-auto article-body-bottom__comment article-body-bottom__comment--read\" style=\"\" rel=\"nofollow noopener\" target=\"_blank\">Loe kommentaare (2)<\/a><\/p>\n","protected":false},"excerpt":{"rendered":"Nepali v\u00f5imud teatasid t\u00e4na, et seal on registreeritud 987 hukkunut ja 3916 inimest on kadunud, sealhulgas 583 v\u00e4lismaalast.&hellip;\n","protected":false},"author":2,"featured_media":265494,"comment_status":"","ping_status":"","sticky":false,"template":"","format":"standard","meta":{"footnotes":"","_share_on_mastodon":"0"},"categories":[12],"tags":[26,27,37,33,35,34,36,31,32,21,326,8381,28,29,8146,19,25,8145,23,24,22,20,30],"class_list":["post-265493","post","type-post","status-publish","format-standard","has-post-thumbnail","category-eesti","tag-breaking-news","tag-breakingnews","tag-ee","tag-eesti","tag-eesti-keel","tag-estonia","tag-estonian","tag-featured-news","tag-featurednews","tag-headlines","tag-hiina","tag-himaalaja","tag-latest-news","tag-latestnews","tag-nepal","tag-news","tag-populaarseimad-lood","tag-tiibet","tag-top-stories","tag-topstories","tag-uldised-uudised","tag-uudised","tag-viimased-uudised"],"share_on_mastodon":{"url":"https:\/\/pubeurope.com\/@ee\/117194608290727938","error":""},"_links":{"self":[{"href":"https:\/\/www.europesays.com\/ee\/wp-json\/wp\/v2\/posts\/265493","targetHints":{"allow":["GET"]}}],"collection":[{"href":"https:\/\/www.europesays.com\/ee\/wp-json\/wp\/v2\/posts"}],"about":[{"href":"https:\/\/www.europesays.com\/ee\/wp-json\/wp\/v2\/types\/post"}],"author":[{"embeddable":true,"href":"https:\/\/www.europesays.com\/ee\/wp-json\/wp\/v2\/users\/2"}],"replies":[{"embeddable":true,"href":"https:\/\/www.europesays.com\/ee\/wp-json\/wp\/v2\/comments?post=265493"}],"version-history":[{"count":0,"href":"https:\/\/www.europesays.com\/ee\/wp-json\/wp\/v2\/posts\/265493\/revisions"}],"wp:featuredmedia":[{"embeddable":true,"href":"https:\/\/www.europesays.com\/ee\/wp-json\/wp\/v2\/media\/265494"}],"wp:attachment":[{"href":"https:\/\/www.europesays.com\/ee\/wp-json\/wp\/v2\/media?parent=265493"}],"wp:term":[{"taxonomy":"category","embeddable":true,"href":"https:\/\/www.europesays.com\/ee\/wp-json\/wp\/v2\/categories?post=265493"},{"taxonomy":"post_tag","embeddable":true,"href":"https:\/\/www.europesays.com\/ee\/wp-json\/wp\/v2\/tags?post=265493"}],"curies":[{"name":"wp","href":"https:\/\/api.w.org\/{rel}","templated":true}]}}