{"id":265513,"date":"2026-09-01T07:50:17","date_gmt":"2026-09-01T07:50:17","guid":{"rendered":"https:\/\/www.europesays.com\/ee\/265513\/"},"modified":"2026-09-01T07:50:17","modified_gmt":"2026-09-01T07:50:17","slug":"printsess-diana-vennatutar-jagas-haruldast-hetke-endast-32-aastat-vanemast-abikaasast","status":"publish","type":"post","link":"https:\/\/www.europesays.com\/ee\/265513\/","title":{"rendered":"Printsess Diana vennat\u00fctar jagas haruldast hetke endast 32 aastat vanemast abikaasast"},"content":{"rendered":"<p>Printsess Diana vanim vennat\u00fctar, 35-aastane leedi Kitty Spencer, veetis imelist puhkust rikaste meelispaigana tuntud Hamptonis. Puhkuselt jagas ta ka haruldast hetke oma miljard\u00e4rist abikaasast, 67-aastasest Michael Lewisest.<\/p>\n<p class=\"isSelectedEnd\">35-aastane Briti modell ja varalahkunud printsess Diana vennat\u00fctar Kitty Spencer avaldas m\u00f6\u00f6dunud n\u00e4dalal sotsiaalmeedias hulga pilte ja videoid oma perepuhkusest Hamptonis.<\/p>\n","protected":false},"excerpt":{"rendered":"Printsess Diana vanim vennat\u00fctar, 35-aastane leedi Kitty Spencer, veetis imelist puhkust rikaste meelispaigana tuntud Hamptonis. Puhkuselt jagas ta&hellip;\n","protected":false},"author":2,"featured_media":265514,"comment_status":"","ping_status":"","sticky":false,"template":"","format":"standard","meta":{"footnotes":"","_share_on_mastodon":"0"},"categories":[12],"tags":[103075,26,27,88850,24886,37,33,35,34,36,31,32,26080,21,5922,103073,84651,28,29,103074,103076,24411,19,25,52,15742,23,24,22,20,30],"class_list":["post-265513","post","type-post","status-publish","format-standard","has-post-thumbnail","category-eesti","tag-athena-lewis","tag-breaking-news","tag-breakingnews","tag-charles-spencer","tag-dolce-gabbana","tag-ee","tag-eesti","tag-eesti-keel","tag-estonia","tag-estonian","tag-featured-news","tag-featurednews","tag-hampton","tag-headlines","tag-instagram","tag-kitty-spencer","tag-kuulsuste-eraelu","tag-latest-news","tag-latestnews","tag-michael-lewis","tag-miljardarist-abikaasa","tag-modell","tag-news","tag-populaarseimad-lood","tag-prantsusmaa","tag-printsess-diana","tag-top-stories","tag-topstories","tag-uldised-uudised","tag-uudised","tag-viimased-uudised"],"share_on_mastodon":{"url":"","error":"Validation failed: Text character limit of 500 exceeded"},"_links":{"self":[{"href":"https:\/\/www.europesays.com\/ee\/wp-json\/wp\/v2\/posts\/265513","targetHints":{"allow":["GET"]}}],"collection":[{"href":"https:\/\/www.europesays.com\/ee\/wp-json\/wp\/v2\/posts"}],"about":[{"href":"https:\/\/www.europesays.com\/ee\/wp-json\/wp\/v2\/types\/post"}],"author":[{"embeddable":true,"href":"https:\/\/www.europesays.com\/ee\/wp-json\/wp\/v2\/users\/2"}],"replies":[{"embeddable":true,"href":"https:\/\/www.europesays.com\/ee\/wp-json\/wp\/v2\/comments?post=265513"}],"version-history":[{"count":0,"href":"https:\/\/www.europesays.com\/ee\/wp-json\/wp\/v2\/posts\/265513\/revisions"}],"wp:featuredmedia":[{"embeddable":true,"href":"https:\/\/www.europesays.com\/ee\/wp-json\/wp\/v2\/media\/265514"}],"wp:attachment":[{"href":"https:\/\/www.europesays.com\/ee\/wp-json\/wp\/v2\/media?parent=265513"}],"wp:term":[{"taxonomy":"category","embeddable":true,"href":"https:\/\/www.europesays.com\/ee\/wp-json\/wp\/v2\/categories?post=265513"},{"taxonomy":"post_tag","embeddable":true,"href":"https:\/\/www.europesays.com\/ee\/wp-json\/wp\/v2\/tags?post=265513"}],"curies":[{"name":"wp","href":"https:\/\/api.w.org\/{rel}","templated":true}]}}