{"id":265555,"date":"2026-09-01T08:42:25","date_gmt":"2026-09-01T08:42:25","guid":{"rendered":"https:\/\/www.europesays.com\/ee\/265555\/"},"modified":"2026-09-01T08:42:25","modified_gmt":"2026-09-01T08:42:25","slug":"ulevaade-pajari-survestab-evansit-ogier-elas-viha-valja-virves-liigub-koigele-vaatamata-tiitlikursil-postimees-sport","status":"publish","type":"post","link":"https:\/\/www.europesays.com\/ee\/265555\/","title":{"rendered":"\u00dcLEVAADE Pajari survestab Evansit, Ogier elas viha v\u00e4lja, Virves liigub k\u00f5igele vaatamata tiitlikursil &#8211; Postimees Sport"},"content":{"rendered":"<ol>\n<li><a href=\"https:\/\/news.google.com\/rss\/articles\/CBMi0AFBVV95cUxNdEJYVXJQaE1uYi1FaHFZM2dla1oyNTYzWDZGNFBMUGk4YUQxS25TcVBQU1p0MU0tcnNoMDJLUFVwZWJkT2laXzVfYmFja3puV2FVNFVXZmF2Yk9GenFrVUo1dThoNkZWcERTMmtYU0hjalY3eDNzenB3d3FMd3Q2bmZVNEVQUVZWQUE1ZEdieUdjYkJnT1I0NXNrQ1JzYkM4aUhRYVk1c2o3VHlFUEljTGNxV3JHTGEzb3hoVXRaY0JNR25ETVJlZVh5TkxFMUdR?oc=5\" target=\"_blank\" rel=\"nofollow noopener\">\u00dcLEVAADE Pajari survestab Evansit, Ogier elas viha v\u00e4lja, Virves liigub k\u00f5igele vaatamata tiitlikursil<\/a>&nbsp;&nbsp;Postimees Sport<\/li>\n<li><a href=\"https:\/\/news.google.com\/rss\/articles\/CBMixAFBVV95cUxQRUkyS2NFZHFUYWh1WmxJSkhTYy1TZl84MGFSRHNURlVaMlpLUmRyU0FVYnJ6RENQUUxwWGpZeFI5ejN6LU5JRXlFV2tqcWIxLUdCclZMcU9RS2YyT0NuWHhJRnMyRl9IRHUzVGozeG9QVHZkTUhRbGVqYWpDN3RpRWJ2R1FRSExlMEt4ODNaWlVONEVvVjdMeGVZTFd2YjdyejNOd2ZDMFhUdEFKX3ZsSnJzdlREWkdUX1ZGUE5sOGVCVmFS?oc=5\" target=\"_blank\" rel=\"nofollow noopener\">OTSEBLOGI | Paraguay ralli: kas Pajari v\u00f5tab kolmanda v\u00f5idu j\u00e4rjest? Kes v\u00f5idab punktikatse?<\/a>&nbsp;&nbsp;Delfi Sport<\/li>\n<li><a href=\"https:\/\/news.google.com\/rss\/articles\/CBMiwAFBVV95cUxQU3prbGtUTnpucHptZnpyZk9paXo5RUN4NjBiTDdEX2NlczJkMFQ1RU94UFUtNk5ZejNIRmwtTW51ZVVEVERzaktkdGFqdDhrWDVVa3pyY3VyNkNOczBYZGNCbG42QWtBc1RCUVNiNzN3NDhGVDZlR3ZJUFhRM3Zpb3NxVTlhdmsyc2tTXzg0aW9VdXZFVEprMEQ1SmktMHpmVWpNdFh6NFdXRE14S0ZSQVNmaF9qREZTRGR1VDRpdVI?oc=5\" target=\"_blank\" rel=\"nofollow noopener\">BLOGI | Pajari sai kolmanda j\u00e4rjestikuse etapiv\u00f5idu, kuid Toyota tiitlit ei kindlustanud<\/a>&nbsp;&nbsp;\u00d5htuleht<\/li>\n<li><a href=\"https:\/\/news.google.com\/rss\/articles\/CBMiqwFBVV95cUxQRTBjeHYzZUtRajRieVNhYXd6a1N5bURjZ0dsZURGc19VQXZfVzFsakpYVFlvRFZhcEhTeWRKcV9mSDR3VS1qMncxVVF2WjAzOTdKMHJjdllRRV81c0hMdHRpd1dtM045SF9VRGQwQUp0QVo3Y0QxNU5CNU9OZlZMV1dPc0V3alU3bEZnWlZPZktzVU5UNFByNDdfdXpTcjA3bTZHQUpvUG9DZ28?oc=5\" target=\"_blank\" rel=\"nofollow noopener\">Paraguay ralli testikatse kiireimad ajad kuulusid Katsutale ja J\u00fcrgensonile<\/a>&nbsp;&nbsp;sport | ERR<\/li>\n<li><a href=\"https:\/\/news.google.com\/rss\/articles\/CBMiswFBVV95cUxNbnFxWGlNSkZSTWRyb3BFbGtLX0c1T0hOSXBHXzRZUk5feWdIajZXMkg0Z1lTZTVuMDB0QjVHQUNDY0JEeDR6andkeGM1aEFCZFBGU1FsQlllNTZhOUxEaW4wTEF0dmFyYnNNbG53a1BGMzFDdkFqYnozLXdIcEdLSHJNbHJ1NmNWbUNJUWxFcUhER0NxRDk2WGxKQXlEN253TzUzS3FseS02ZjREMktScm5uRQ?oc=5\" target=\"_blank\" rel=\"nofollow noopener\">OTSEBLOGI \u27e9 Paraguay ralli: kas heas hoos Pajari kindlustab viimasel p\u00e4eval v\u00f5idu?<\/a>&nbsp;&nbsp;Postimees Sport<\/li>\n<\/ol>\n","protected":false},"excerpt":{"rendered":"\u00dcLEVAADE Pajari survestab Evansit, Ogier elas viha v\u00e4lja, Virves liigub k\u00f5igele vaatamata tiitlikursil&nbsp;&nbsp;Postimees Sport OTSEBLOGI | Paraguay ralli:&hellip;\n","protected":false},"author":2,"featured_media":265556,"comment_status":"","ping_status":"","sticky":false,"template":"","format":"standard","meta":{"footnotes":"","_share_on_mastodon":"0"},"categories":[18],"tags":[1692,37,33,35,3307,34,36,8621,21856,31806,96671,3016,3015,6863,3000,159,158,5353],"class_list":["post-265555","post","type-post","status-publish","format-standard","has-post-thumbnail","category-sport","tag-adrien-fourmaux","tag-ee","tag-eesti","tag-eesti-keel","tag-elfyn-evans","tag-estonia","tag-estonian","tag-hankook","tag-hayden-paddon","tag-mohammed-ben-sulayem","tag-paraguay-ralli","tag-robert-virves","tag-romet-jurgenson","tag-sami-pajari","tag-sebastien-ogier","tag-sport","tag-sports","tag-wrc2"],"share_on_mastodon":{"url":"https:\/\/pubeurope.com\/@ee\/117194899197640362","error":""},"_links":{"self":[{"href":"https:\/\/www.europesays.com\/ee\/wp-json\/wp\/v2\/posts\/265555","targetHints":{"allow":["GET"]}}],"collection":[{"href":"https:\/\/www.europesays.com\/ee\/wp-json\/wp\/v2\/posts"}],"about":[{"href":"https:\/\/www.europesays.com\/ee\/wp-json\/wp\/v2\/types\/post"}],"author":[{"embeddable":true,"href":"https:\/\/www.europesays.com\/ee\/wp-json\/wp\/v2\/users\/2"}],"replies":[{"embeddable":true,"href":"https:\/\/www.europesays.com\/ee\/wp-json\/wp\/v2\/comments?post=265555"}],"version-history":[{"count":0,"href":"https:\/\/www.europesays.com\/ee\/wp-json\/wp\/v2\/posts\/265555\/revisions"}],"wp:featuredmedia":[{"embeddable":true,"href":"https:\/\/www.europesays.com\/ee\/wp-json\/wp\/v2\/media\/265556"}],"wp:attachment":[{"href":"https:\/\/www.europesays.com\/ee\/wp-json\/wp\/v2\/media?parent=265555"}],"wp:term":[{"taxonomy":"category","embeddable":true,"href":"https:\/\/www.europesays.com\/ee\/wp-json\/wp\/v2\/categories?post=265555"},{"taxonomy":"post_tag","embeddable":true,"href":"https:\/\/www.europesays.com\/ee\/wp-json\/wp\/v2\/tags?post=265555"}],"curies":[{"name":"wp","href":"https:\/\/api.w.org\/{rel}","templated":true}]}}