{"id":265557,"date":"2026-09-01T08:43:09","date_gmt":"2026-09-01T08:43:09","guid":{"rendered":"https:\/\/www.europesays.com\/ee\/265557\/"},"modified":"2026-09-01T08:43:09","modified_gmt":"2026-09-01T08:43:09","slug":"internetis-leviva-video-jargi-tugevdab-venemaa-narva-joe-kallast-eesti","status":"publish","type":"post","link":"https:\/\/www.europesays.com\/ee\/265557\/","title":{"rendered":"Internetis leviva video j\u00e4rgi tugevdab Venemaa Narva j\u00f5e kallast | Eesti"},"content":{"rendered":"<p>Sotsiaalmeedias levima hakanud video j\u00e4rgi on Venemaa asunud Peipsi j\u00e4rve l\u00e4histel Narva j\u00f5e kallast killustikuga tugevdama. Eesti politsei- ja piirivalveamet (PPA) j\u00e4\u00e4b video autentsuse ja seal n\u00e4idatud tegevuse osas kidakeelseks.<\/p>\n<p>Kuna internetis levib palju tehisaru abil loodud videoid, siis pole antud video autentsus selge.<\/p>\n<p>Video j\u00e4rgi toimub tegevus Peipsi l\u00e4histel asuva Vasknarva kandis. Vasknarvas elav isik kinnitas ERR-ile, et on kuulnud mitu p\u00e4eva teiselt poolt piiri tulevat m\u00fcra. Samas puudub tal visuaalne kinnitus, mis teisel pool j\u00f5ge t\u00e4psemalt toimub.\u00a0\u00a0<\/p>\n<p>Kui ERR uuris politsei- ja piirivalveametilt, kas teisel pool j\u00f5ge toimub videos n\u00e4idatuga sarnane tegevus, vastas PPA peadirektori aset\u00e4itja piirivalve alal Veiko Kommusaar, et amet ei saa kommenteerida teisel pool riigipiiri toimuvat tegevust ega teise riigi ametiasutuste tegevusi.<\/p>\n<p>&#8220;K\u00fcll aga j\u00e4lgime pidevalt Eesti julgeoleku- ja piiriohutusega seotud arenguid ning teeme koost\u00f6\u00f6d teiste julgeolekuasutustega, et omada olukorrast terviklikku \u00fclevaadet,&#8221; lisas ta.<\/p>\n<p>Sotsiaalmeedias leviva info suhtes soovitab PPA s\u00e4ilitada kriitilise meele.\u00a0<\/p>\n<p>&#8220;Eriti oluline on ettevaatlikkus sellise sisu puhul, mis on emotsionaalne, provokatiivne v\u00f5i mille eesm\u00e4rk v\u00f5ib olla inimestes hirmu, \u00e4revuse v\u00f5i ebakindluse tekitamine. Enne j\u00e4relduste tegemist tasub kontrollida info p\u00e4ritolu, otsida kinnitust usaldusv\u00e4\u00e4rsetest meediakanalitest ning j\u00e4lgida ametiasutuste ametlikku teavet,&#8221; m\u00e4rkis Kommusaar.<\/p>\n<p>\u00a0PPA kinnitas, et j\u00e4lgib idapiiril toimuvat pidevalt.\u00a0<\/p>\n<p>&#8220;Oleme kursis piiri\u00e4\u00e4rsete arengutega ning hindame jooksvalt nende v\u00f5imalikku m\u00f5ju Eesti julgeolekule ja piiriohutusele. Kui ilmneb teave v\u00f5i tegevus, mis vajab Eesti elanike teavitamist v\u00f5i t\u00e4iendavaid meetmeid, anname sellest avalikkusele teada ametlike kanalite kaudu,&#8221; r\u00f5hutas Kommusaar.<\/p>\n<blockquote class=\"twitter-tweet\" data-media-max-width=\"560\">\n<p lang=\"en\" dir=\"ltr\">Local residents have posted videos claiming that Russia is building gravel embankments along the Narva River near a border crossing with Estonia.<\/p>\n<p>I don&#8217;t know how reliable these videos are. I have followers from this region &#8211; what do you think? <a href=\"https:\/\/t.co\/bk42m6YshA\" rel=\"nofollow\">pic.twitter.com\/bk42m6YshA<\/a><\/p>\n<p>\u2014 Anton Gerashchenko (@Gerashchenko_en) <a href=\"https:\/\/x.com\/Gerashchenko_en\/status\/2094481034964258867?ref_src=twsrc%5Etfw\" rel=\"nofollow\">August 31, 2026<\/a><\/p><\/blockquote>\n<p><script async src=\"https:\/\/platform.twitter.com\/widgets.js\" charset=\"utf-8\"><\/script><\/p>\n","protected":false},"excerpt":{"rendered":"Sotsiaalmeedias levima hakanud video j\u00e4rgi on Venemaa asunud Peipsi j\u00e4rve l\u00e4histel Narva j\u00f5e kallast killustikuga tugevdama. Eesti politsei-&hellip;\n","protected":false},"author":2,"featured_media":265558,"comment_status":"","ping_status":"","sticky":false,"template":"","format":"standard","meta":{"footnotes":"","_share_on_mastodon":"0"},"categories":[14],"tags":[131,130,37,33,35,34,36,2521,10389,1302,2920,4262,397,814,12906,96],"class_list":["post-265557","post","type-post","status-publish","format-standard","has-post-thumbnail","category-ari","tag-ari","tag-business","tag-ee","tag-eesti","tag-eesti-keel","tag-estonia","tag-estonian","tag-narva","tag-narva-jogi","tag-piir","tag-politsei-ja-piirivalveamet","tag-ppa","tag-sotsiaalmeedia","tag-tehisaru","tag-vasknarva","tag-venemaa"],"share_on_mastodon":{"url":"https:\/\/pubeurope.com\/@ee\/117194903472649191","error":""},"_links":{"self":[{"href":"https:\/\/www.europesays.com\/ee\/wp-json\/wp\/v2\/posts\/265557","targetHints":{"allow":["GET"]}}],"collection":[{"href":"https:\/\/www.europesays.com\/ee\/wp-json\/wp\/v2\/posts"}],"about":[{"href":"https:\/\/www.europesays.com\/ee\/wp-json\/wp\/v2\/types\/post"}],"author":[{"embeddable":true,"href":"https:\/\/www.europesays.com\/ee\/wp-json\/wp\/v2\/users\/2"}],"replies":[{"embeddable":true,"href":"https:\/\/www.europesays.com\/ee\/wp-json\/wp\/v2\/comments?post=265557"}],"version-history":[{"count":0,"href":"https:\/\/www.europesays.com\/ee\/wp-json\/wp\/v2\/posts\/265557\/revisions"}],"wp:featuredmedia":[{"embeddable":true,"href":"https:\/\/www.europesays.com\/ee\/wp-json\/wp\/v2\/media\/265558"}],"wp:attachment":[{"href":"https:\/\/www.europesays.com\/ee\/wp-json\/wp\/v2\/media?parent=265557"}],"wp:term":[{"taxonomy":"category","embeddable":true,"href":"https:\/\/www.europesays.com\/ee\/wp-json\/wp\/v2\/categories?post=265557"},{"taxonomy":"post_tag","embeddable":true,"href":"https:\/\/www.europesays.com\/ee\/wp-json\/wp\/v2\/tags?post=265557"}],"curies":[{"name":"wp","href":"https:\/\/api.w.org\/{rel}","templated":true}]}}