{"id":265559,"date":"2026-09-01T08:44:16","date_gmt":"2026-09-01T08:44:16","guid":{"rendered":"https:\/\/www.europesays.com\/ee\/265559\/"},"modified":"2026-09-01T08:44:16","modified_gmt":"2026-09-01T08:44:16","slug":"ukraina-rahulabiraakimistel-osalenud-usa-armeeminister-lahkub-ametist","status":"publish","type":"post","link":"https:\/\/www.europesays.com\/ee\/265559\/","title":{"rendered":"Ukraina rahul\u00e4bir\u00e4\u00e4kimistel osalenud USA armeeminister lahkub ametist"},"content":{"rendered":"<p>Driscoll on asepresident <a rel=\"noopener nofollow\" target=\"_blank\" href=\"https:\/\/www.delfi.ee\/teema\/96862688\/jd-vance-1\" tag-id=\"96862688\">JD Vance<\/a>\u2019i s\u00f5ber, aga laialdaselt on teatatud pingetest Driscolli ja kaitseminister <a rel=\"noopener nofollow\" target=\"_blank\" href=\"https:\/\/www.delfi.ee\/teema\/96865140\/pete-hegseth\" tag-id=\"96865140\">Pete Hegsethi<\/a> vahel, vahendab Associated Press.<\/p>\n<p>\u201eMinister Driscoll on olnud \u00fclimalt t\u00f5hus president Trumpi Ameerika taas tugevaks tegemise agenda edendamisel armeeministeeriumis, pakkudes v\u00e4ljapaistvat juhtimist ajalooliste s\u00f5jaliste operatsioonide ajal, taastades r\u00f5huasetuse valmisolekule ja surmavusele, aidates l\u00e4bir\u00e4\u00e4kimistel <a rel=\"noopener nofollow\" target=\"_blank\" href=\"https:\/\/www.delfi.ee\/teema\/3\/venemaa\" tag-id=\"3\">Venemaa<\/a> ja <a rel=\"noopener nofollow\" target=\"_blank\" href=\"https:\/\/www.delfi.ee\/teema\/25048531\/ukraina\" tag-id=\"25048531\">Ukraina<\/a> vahel ning muus,\u201c teatas Valge Maja esindaja Anna Kelly. \u201e\u00dchendriikide armee on t\u00e4nu tema t\u00f6\u00f6le \u00fclemjuhataja ja s\u00f5jaministri k\u00f5rval v\u00f5imsam kui kunagi varem.\u201c<\/p>\n<p>Anon\u00fc\u00fcmseks j\u00e4\u00e4nud USA armee ametnik \u00fctles, et Driscoll r\u00e4\u00e4kis president <a rel=\"noopener nofollow\" target=\"_blank\" href=\"https:\/\/www.delfi.ee\/teema\/32758637\/donald-trump\" tag-id=\"32758637\">Donald Trumpiga<\/a> armee praegusest seisust ja esitas lahkumisavalduse. Allikas ei avaldanud muid \u00fcksikasju. <a rel=\"noopener nofollow\" target=\"_blank\" href=\"https:\/\/www.delfi.ee\/teema\/24562395\/pentagon\" tag-id=\"24562395\">Pentagon<\/a> suunas k\u00fcsimused armeele.<\/p>\n<p>Enne Driscolli sai aprillis sule sappa \u00fcks tema liitlastest, armee k\u00f5rgeim vormikandja, kindral Randy George ning t\u00fchistati drooniprogramm, mille eest ta seisis. Juunis lahkus ootamatult ametist armee \u00fclemjuhataja <a rel=\"noopener nofollow\" target=\"_blank\" href=\"https:\/\/www.delfi.ee\/teema\/25138591\/euroopa\" tag-id=\"25138591\">Euroopas<\/a> ja <a rel=\"noopener nofollow\" target=\"_blank\" href=\"https:\/\/www.delfi.ee\/teema\/24276757\/aafrika\" tag-id=\"24276757\">Aafrikas<\/a>, kindral Christopher Donahue.<\/p>\n<p>Armee staabi\u00fclema kohuset\u00e4itjaks sai George\u2019i asemel Hegsethi alluvuses t\u00e4helennu teinud kindral Christopher LaNeve, kelle ajal tehti drooniprogrammile l\u00f5pp. Nimelt ehitas \u00fcks USA armee Euroopas paiknev \u00fcksus oma droone, aga LaNeve k\u00e4skis selle l\u00f5petada ja naasta traditsioonilise jalav\u00e4epataljoni tegevuse juurde, r\u00e4\u00e4kisid allikad augustis.<\/p>\n<p>Driscoll oli George\u2019i liitlane ja avaldas kahetsust tema vallandamise \u00fcle. Aprillis \u00fctles Driscoll kongressi ees, et s\u00f5itis koos perekonnaga George\u2019i koju ja k\u00f5ik kallistasid teda.<\/p>\n<p>Kongressi vabariiklased ja demokraadid reageerisid Driscolli lahkumisele tunnustuss\u00f5nadega tema kohta.<\/p>\n<p>Rahvuskaardis teeninud vabariiklasest esindajatekoja liige Steve Womack kirjutas X-is, et Driscoll on muutusi toov juht, kes t\u00f5i armeeministeeriumi tervet m\u00f5istust ja distsipliini.<\/p>\n<p>Demokraadist esindajatekoja liige ja endine armee eri\u00fcksuslane Jason Crow \u00fctles ajakirjanikele, et tegi Driscolliga vaatamata poliitilistele erimeelsustele head koost\u00f6\u00f6d.<\/p>\n<p>\u201eOli tegelikult meeldiv, \u00fctlen ma, et oli keegi, kes oli tark, kes tundis poliitikat, kes tahtis t\u00f6\u00f6d teha, kellel oli nendes asjades taust,\u201c \u00fctles Crow, lisades, et on kahetsusv\u00e4\u00e4rne, et selline inimene ei saa praeguses administratsioonis pikemalt ametisse j\u00e4\u00e4da.<\/p>\n<p>Crow, kes on esindajatekoja relvateenistuste komitee liige ja esindajatekoja armees teeninute grupi kaasesimees, \u00fctles, et Pentagon on praegu ilma roolita, kui nii palju k\u00f5rgeid juhte on l\u00e4inud.<\/p>\n<p>Senati relvateenistuste komitee k\u00f5rgetasemeline demokraat Jack Reed teatas oma avalduses, et Driscoll tegi t\u00f6\u00f6d armee arendamiseks tuleviku lahinguv\u00e4lja jaoks ning suhtles kongressiga avatult ja pidevalt.<\/p>\n<p>\u201eMinister Hegseth kultiveerib kultuuri, kus teisitim\u00f5tlemist karistatakse ja p\u00e4devus on isikliku ustavuse k\u00f5rval teisej\u00e4rguline,\u201c \u00fctles endine armee ohvitser Reed.<\/p>\n<p>Driscoll on Iraagi s\u00f5ja veteran, tehnoloogiainvestor ja Vance\u2019i endine n\u00f5uandja. Vance\u2019iga tutvus ta Yale\u2019i \u00fclikooli \u00f5iguskoolis.<\/p>\n<p>Armeeministrina sai Driscoll ebahariliku l\u00e4bir\u00e4\u00e4kija rolli s\u00f5ja l\u00f5petamiseks Venemaa ja Ukraina vahel. Driscoll p\u00fc\u00fcdis lisaks k\u00e4rpida b\u00fcrokraatlikke takistusi droonij\u00f5udude ja droonivastaste j\u00f5udude arendamiseks.<\/p>\n<p>Kuidas see lugu Sind end tundma pani?Saada<a href=\"https:\/\/www.delfi.ee\/artikkel\/120607444\/ukraina-rahulabiraakimistel-osalenud-usa-armeeminister-lahkub-ametist\/kommentaarid\" class=\"button button--primary button--size-auto article-body-bottom__comment article-body-bottom__comment--write\" style=\"\" rel=\"nofollow noopener\" target=\"_blank\">Kommenteeri<\/a><a href=\"https:\/\/www.delfi.ee\/artikkel\/120607444\/ukraina-rahulabiraakimistel-osalenud-usa-armeeminister-lahkub-ametist\/kommentaarid\" class=\"button button--size-auto article-body-bottom__comment article-body-bottom__comment--read\" style=\"\" rel=\"nofollow noopener\" target=\"_blank\">Loe kommentaare (9)<\/a><\/p>\n","protected":false},"excerpt":{"rendered":"Driscoll on asepresident JD Vance\u2019i s\u00f5ber, aga laialdaselt on teatatud pingetest Driscolli ja kaitseminister Pete Hegsethi vahel, vahendab&hellip;\n","protected":false},"author":2,"featured_media":265560,"comment_status":"","ping_status":"","sticky":false,"template":"","format":"standard","meta":{"footnotes":"","_share_on_mastodon":"0"},"categories":[80],"tags":[1114,26,27,25387,324,1274,37,33,35,34,36,112,31,32,21,4882,4652,28,29,95,19,460,1205,25,23,24,262,22,325,32119,20,1177,96,30,92,93,94],"class_list":["post-265559","post","type-post","status-publish","format-standard","has-post-thumbnail","category-maailm","tag-aafrika","tag-breaking-news","tag-breakingnews","tag-dan-driscoll","tag-donald-trump","tag-droonid","tag-ee","tag-eesti","tag-eesti-keel","tag-estonia","tag-estonian","tag-euroopa","tag-featured-news","tag-featurednews","tag-headlines","tag-iraak","tag-jd-vance","tag-latest-news","tag-latestnews","tag-maailm","tag-news","tag-pentagon","tag-pete-hegseth","tag-populaarseimad-lood","tag-top-stories","tag-topstories","tag-ukraina","tag-uldised-uudised","tag-usa","tag-usa-armee","tag-uudised","tag-valge-maja-usa","tag-venemaa","tag-viimased-uudised","tag-world","tag-world-news","tag-worldnews"],"share_on_mastodon":{"url":"https:\/\/pubeurope.com\/@ee\/117194906917044818","error":""},"_links":{"self":[{"href":"https:\/\/www.europesays.com\/ee\/wp-json\/wp\/v2\/posts\/265559","targetHints":{"allow":["GET"]}}],"collection":[{"href":"https:\/\/www.europesays.com\/ee\/wp-json\/wp\/v2\/posts"}],"about":[{"href":"https:\/\/www.europesays.com\/ee\/wp-json\/wp\/v2\/types\/post"}],"author":[{"embeddable":true,"href":"https:\/\/www.europesays.com\/ee\/wp-json\/wp\/v2\/users\/2"}],"replies":[{"embeddable":true,"href":"https:\/\/www.europesays.com\/ee\/wp-json\/wp\/v2\/comments?post=265559"}],"version-history":[{"count":0,"href":"https:\/\/www.europesays.com\/ee\/wp-json\/wp\/v2\/posts\/265559\/revisions"}],"wp:featuredmedia":[{"embeddable":true,"href":"https:\/\/www.europesays.com\/ee\/wp-json\/wp\/v2\/media\/265560"}],"wp:attachment":[{"href":"https:\/\/www.europesays.com\/ee\/wp-json\/wp\/v2\/media?parent=265559"}],"wp:term":[{"taxonomy":"category","embeddable":true,"href":"https:\/\/www.europesays.com\/ee\/wp-json\/wp\/v2\/categories?post=265559"},{"taxonomy":"post_tag","embeddable":true,"href":"https:\/\/www.europesays.com\/ee\/wp-json\/wp\/v2\/tags?post=265559"}],"curies":[{"name":"wp","href":"https:\/\/api.w.org\/{rel}","templated":true}]}}