{"id":265575,"date":"2026-09-01T09:05:25","date_gmt":"2026-09-01T09:05:25","guid":{"rendered":"https:\/\/www.europesays.com\/ee\/265575\/"},"modified":"2026-09-01T09:05:25","modified_gmt":"2026-09-01T09:05:25","slug":"zuckerberg-versus-gates-idealistlik-nagemus-tehisaru-tulevikust-kohtub-tumedate-pilvedega","status":"publish","type":"post","link":"https:\/\/www.europesays.com\/ee\/265575\/","title":{"rendered":"Zuckerberg versus Gates \u2013 idealistlik n\u00e4gemus tehisaru tulevikust kohtub tumedate pilvedega"},"content":{"rendered":"<p>Mark Zuckerberg ja Bill Gates avaldasid peaaegu samal ajal oma n\u00e4gemuse tehisaru tulevikust. M\u00f5lemad peavad seda inimkonna suurimaks leiutiseks, mis v\u00f5ib muuta teadust, t\u00f6\u00f6d, haridust ja igap\u00e4evaelu. Sealt edasi l\u00e4hevad nende kujutlused j\u00e4rsult lahku. <\/p>\n<p>Facebooki asutaja usub, et hea tulevik s\u00fcnnib v\u00f5imsa tehnoloogia v\u00f5imalikult laiast levikust. Tema visioon tehisarust, eriti superintellekti rollist tavainimese elu rikastamisel, k\u00f5lab isegi naiivsena. Microsofti asutanud Gates on oluliselt murelikum, v\u00e4ites, et juba l\u00e4hiajal kaob palju rohkem t\u00f6\u00f6kohti, kui me arvame. Ta muretseb selle p\u00e4rast, kelleni j\u00f5uab loodud rikkus, kes vastutab k\u00f5rvalm\u00f5jude eest ja mida ei tohiks masinatele loovutada. Gatesi hinnangul v\u00f5ib tehisarust saada suurim ebav\u00f5rdsuse s\u00fcvendaja.<\/p>\n","protected":false},"excerpt":{"rendered":"Mark Zuckerberg ja Bill Gates avaldasid peaaegu samal ajal oma n\u00e4gemuse tehisaru tulevikust. M\u00f5lemad peavad seda inimkonna suurimaks&hellip;\n","protected":false},"author":2,"featured_media":265576,"comment_status":"","ping_status":"","sticky":false,"template":"","format":"standard","meta":{"footnotes":"","_share_on_mastodon":"0"},"categories":[14],"tags":[131,15927,130,37,33,35,34,36,8175,16752,2886,2357,814],"class_list":["post-265575","post","type-post","status-publish","format-standard","has-post-thumbnail","category-ari","tag-ari","tag-bill-gates","tag-business","tag-ee","tag-eesti","tag-eesti-keel","tag-estonia","tag-estonian","tag-facebook","tag-mark-zuckerberg","tag-meta","tag-microsoft","tag-tehisaru"],"share_on_mastodon":{"url":"https:\/\/pubeurope.com\/@ee\/117194989597824136","error":""},"_links":{"self":[{"href":"https:\/\/www.europesays.com\/ee\/wp-json\/wp\/v2\/posts\/265575","targetHints":{"allow":["GET"]}}],"collection":[{"href":"https:\/\/www.europesays.com\/ee\/wp-json\/wp\/v2\/posts"}],"about":[{"href":"https:\/\/www.europesays.com\/ee\/wp-json\/wp\/v2\/types\/post"}],"author":[{"embeddable":true,"href":"https:\/\/www.europesays.com\/ee\/wp-json\/wp\/v2\/users\/2"}],"replies":[{"embeddable":true,"href":"https:\/\/www.europesays.com\/ee\/wp-json\/wp\/v2\/comments?post=265575"}],"version-history":[{"count":0,"href":"https:\/\/www.europesays.com\/ee\/wp-json\/wp\/v2\/posts\/265575\/revisions"}],"wp:featuredmedia":[{"embeddable":true,"href":"https:\/\/www.europesays.com\/ee\/wp-json\/wp\/v2\/media\/265576"}],"wp:attachment":[{"href":"https:\/\/www.europesays.com\/ee\/wp-json\/wp\/v2\/media?parent=265575"}],"wp:term":[{"taxonomy":"category","embeddable":true,"href":"https:\/\/www.europesays.com\/ee\/wp-json\/wp\/v2\/categories?post=265575"},{"taxonomy":"post_tag","embeddable":true,"href":"https:\/\/www.europesays.com\/ee\/wp-json\/wp\/v2\/tags?post=265575"}],"curies":[{"name":"wp","href":"https:\/\/api.w.org\/{rel}","templated":true}]}}