{"id":265587,"date":"2026-09-01T09:17:24","date_gmt":"2026-09-01T09:17:24","guid":{"rendered":"https:\/\/www.europesays.com\/ee\/265587\/"},"modified":"2026-09-01T09:17:24","modified_gmt":"2026-09-01T09:17:24","slug":"nyt-euroopa-taunis-vene-rahandusministri-ilmumist-g20-tippkohtumisele","status":"publish","type":"post","link":"https:\/\/www.europesays.com\/ee\/265587\/","title":{"rendered":"NYT: Euroopa taunis Vene rahandusministri ilmumist G20 tippkohtumisele"},"content":{"rendered":"<p>Venemaa rahandusminister Anton Siluanov ilmus maailma suurimaid majandusi \u00fchendava G20 kohtumisele \u00dchendriikides asuvas Asheville&#8217;is, mis p\u00e4lvis Euroopa ametnike hukkam\u00f5istu, kirjutas esmasp\u00e4eval ajaleht New York Times.<\/p>\n<p>Ukrainlaste uudisteagentuuri Unian vahendatud artikli kohaselt saatis kutse USA presidendi Donald Trumpi administratsioon.<\/p>\n","protected":false},"excerpt":{"rendered":"Venemaa rahandusminister Anton Siluanov ilmus maailma suurimaid majandusi \u00fchendava G20 kohtumisele \u00dchendriikides asuvas Asheville&#8217;is, mis p\u00e4lvis Euroopa ametnike&hellip;\n","protected":false},"author":2,"featured_media":265588,"comment_status":"","ping_status":"","sticky":false,"template":"","format":"standard","meta":{"footnotes":"","_share_on_mastodon":"0"},"categories":[80],"tags":[71,26,27,37,33,35,34,36,31,32,21,668,381,1000,28,29,95,672,19,676,999,25,159,23,24,22,20,30,92,93,94],"class_list":["post-265587","post","type-post","status-publish","format-standard","has-post-thumbnail","category-maailm","tag-arvamus","tag-breaking-news","tag-breakingnews","tag-ee","tag-eesti","tag-eesti-keel","tag-estonia","tag-estonian","tag-featured-news","tag-featurednews","tag-headlines","tag-ilm","tag-internet","tag-krimi","tag-latest-news","tag-latestnews","tag-maailm","tag-majandus","tag-news","tag-pank","tag-poliitika","tag-populaarseimad-lood","tag-sport","tag-top-stories","tag-topstories","tag-uldised-uudised","tag-uudised","tag-viimased-uudised","tag-world","tag-world-news","tag-worldnews"],"share_on_mastodon":{"url":"https:\/\/pubeurope.com\/@ee\/117195036887404261","error":""},"_links":{"self":[{"href":"https:\/\/www.europesays.com\/ee\/wp-json\/wp\/v2\/posts\/265587","targetHints":{"allow":["GET"]}}],"collection":[{"href":"https:\/\/www.europesays.com\/ee\/wp-json\/wp\/v2\/posts"}],"about":[{"href":"https:\/\/www.europesays.com\/ee\/wp-json\/wp\/v2\/types\/post"}],"author":[{"embeddable":true,"href":"https:\/\/www.europesays.com\/ee\/wp-json\/wp\/v2\/users\/2"}],"replies":[{"embeddable":true,"href":"https:\/\/www.europesays.com\/ee\/wp-json\/wp\/v2\/comments?post=265587"}],"version-history":[{"count":0,"href":"https:\/\/www.europesays.com\/ee\/wp-json\/wp\/v2\/posts\/265587\/revisions"}],"wp:featuredmedia":[{"embeddable":true,"href":"https:\/\/www.europesays.com\/ee\/wp-json\/wp\/v2\/media\/265588"}],"wp:attachment":[{"href":"https:\/\/www.europesays.com\/ee\/wp-json\/wp\/v2\/media?parent=265587"}],"wp:term":[{"taxonomy":"category","embeddable":true,"href":"https:\/\/www.europesays.com\/ee\/wp-json\/wp\/v2\/categories?post=265587"},{"taxonomy":"post_tag","embeddable":true,"href":"https:\/\/www.europesays.com\/ee\/wp-json\/wp\/v2\/tags?post=265587"}],"curies":[{"name":"wp","href":"https:\/\/api.w.org\/{rel}","templated":true}]}}