{"id":265591,"date":"2026-09-01T09:19:25","date_gmt":"2026-09-01T09:19:25","guid":{"rendered":"https:\/\/www.europesays.com\/ee\/265591\/"},"modified":"2026-09-01T09:19:25","modified_gmt":"2026-09-01T09:19:25","slug":"buss-ja-paevaplaanid-suure-pere-ema-kehastub-kooli-alguses-logistikuks","status":"publish","type":"post","link":"https:\/\/www.europesays.com\/ee\/265591\/","title":{"rendered":"Buss ja p\u00e4evaplaanid \u2013 suure pere ema kehastub kooli alguses logistikuks"},"content":{"rendered":"<p>Kooli algus toob igal aastal ikka lastega peredesse elevust ja sagimist, ka ainult \u00fche lapsega. Kuid kuidas kulgeb kogu uue ajakavaga kohanemine peredes, kus lapsi on palju? No ei ole lihtne, t\u00f5devad nelja lapse ema-isa Rauno ja Merilin M\u00f5ttus.<\/p>\n<p>Ihastes elava Rauno ja Merilin ja M\u00f5ttuse pere nooremad lapsed Ragnar (3) ja Rasmus (4) k\u00e4ivad veel lastaias, Melinda (10) ja Emilia (8) on juba Kivilinna kooli \u00f5pilased.<\/p>\n","protected":false},"excerpt":{"rendered":"Kooli algus toob igal aastal ikka lastega peredesse elevust ja sagimist, ka ainult \u00fche lapsega. Kuid kuidas kulgeb&hellip;\n","protected":false},"author":2,"featured_media":265592,"comment_status":"","ping_status":"","sticky":false,"template":"","format":"standard","meta":{"footnotes":"","_share_on_mastodon":"0"},"categories":[5],"tags":[4843,26,27,37,33,35,58836,34,36,31,32,21,9681,95022,3705,103088,7417,59858,28,29,20051,19,25,103091,3516,103089,23,24,103090,22,20,30],"class_list":["post-265591","post","type-post","status-publish","format-standard","has-post-thumbnail","category-uldised-uudised","tag-annelinn","tag-breaking-news","tag-breakingnews","tag-ee","tag-eesti","tag-eesti-keel","tag-esimene-klass","tag-estonia","tag-estonian","tag-featured-news","tag-featurednews","tag-headlines","tag-ihaste","tag-kooliaasta-algus","tag-koolilapsed","tag-koolilogistika","tag-lasteaed","tag-lasterikas-pere","tag-latest-news","tag-latestnews","tag-muusikakool","tag-news","tag-populaarseimad-lood","tag-tartu-haridusosakond","tag-tartu-koolid","tag-tartu-pereliit","tag-top-stories","tag-topstories","tag-trennid","tag-uldised-uudised","tag-uudised","tag-viimased-uudised"],"share_on_mastodon":{"url":"https:\/\/pubeurope.com\/@ee\/117195044748541462","error":""},"_links":{"self":[{"href":"https:\/\/www.europesays.com\/ee\/wp-json\/wp\/v2\/posts\/265591","targetHints":{"allow":["GET"]}}],"collection":[{"href":"https:\/\/www.europesays.com\/ee\/wp-json\/wp\/v2\/posts"}],"about":[{"href":"https:\/\/www.europesays.com\/ee\/wp-json\/wp\/v2\/types\/post"}],"author":[{"embeddable":true,"href":"https:\/\/www.europesays.com\/ee\/wp-json\/wp\/v2\/users\/2"}],"replies":[{"embeddable":true,"href":"https:\/\/www.europesays.com\/ee\/wp-json\/wp\/v2\/comments?post=265591"}],"version-history":[{"count":0,"href":"https:\/\/www.europesays.com\/ee\/wp-json\/wp\/v2\/posts\/265591\/revisions"}],"wp:featuredmedia":[{"embeddable":true,"href":"https:\/\/www.europesays.com\/ee\/wp-json\/wp\/v2\/media\/265592"}],"wp:attachment":[{"href":"https:\/\/www.europesays.com\/ee\/wp-json\/wp\/v2\/media?parent=265591"}],"wp:term":[{"taxonomy":"category","embeddable":true,"href":"https:\/\/www.europesays.com\/ee\/wp-json\/wp\/v2\/categories?post=265591"},{"taxonomy":"post_tag","embeddable":true,"href":"https:\/\/www.europesays.com\/ee\/wp-json\/wp\/v2\/tags?post=265591"}],"curies":[{"name":"wp","href":"https:\/\/api.w.org\/{rel}","templated":true}]}}