{"id":265601,"date":"2026-09-01T09:37:23","date_gmt":"2026-09-01T09:37:23","guid":{"rendered":"https:\/\/www.europesays.com\/ee\/265601\/"},"modified":"2026-09-01T09:37:23","modified_gmt":"2026-09-01T09:37:23","slug":"suur-intervjuu-vassiljevi-kae-all-jargmise-sammu-teinud-alamaa-unistus-on-mangida-guardiola-kae-all-ja-esindada-a-koondist-paljust-muust-soccernet-ee","status":"publish","type":"post","link":"https:\/\/www.europesays.com\/ee\/265601\/","title":{"rendered":"Suur intervjuu | Vassiljevi k\u00e4e all j\u00e4rgmise sammu teinud Alamaa: unistus on m\u00e4ngida Guardiola k\u00e4e all ja esindada A-koondist (+ paljust muust!) &#8211; Soccernet.ee"},"content":{"rendered":"<p><img decoding=\"async\" src=\"https:\/\/www.europesays.com\/ee\/wp-content\/uploads\/2026\/09\/1783544889.jpg\" alt=\"Noorel mehel on enesekindlust k\u00fcllaga! Foto: Liisi Troska \/ jalgpall.ee\"\/>&#13;\n<\/p>\n<p>Tallinna Flora 18-aastasest \u00e4\u00e4rer\u00fcndajast Sander Alamaast r\u00e4\u00e4gitakse kui suurest tulevikulootusest. T\u00e4navu on ta end Premium liigas pildile m\u00e4nginud ning ka eurosarjas m\u00e4rgi maha j\u00e4tnud. Aga see on alles algus, sest sihid on noorel m\u00e4ngumehel m\u00e4rksa k\u00f5rgemal.\u00a0<br type=\"_moz\"\/>&#13;\n<\/p>\n<p>Pall on olnud Alamaa lahutamatu kaaslane juba sisuliselt esimestest eluaastatest. Senine jalgpalliteekond viis noormehe Harju Laagrist Tallinna Kalevisse ja l\u00f5puks Florasse. \u00dcleminek noortejalgpallist meeste m\u00e4ngu kujunes esialgu keeruliseks, ent n\u00fc\u00fcdseks on olukord sootuks teine.&#13;\n<\/p>\n<p>A. Le Coq Arena pressisektoris Soccernet.ee-ga vesteldes r\u00e4\u00e4kis Alamaa oma senisest karj\u00e4\u00e4rist, s\u00f5prusest Tony Varjundi ja Patrik Kristaliga, Flora valusalt l\u00f5ppenud eurohooajast, Konstantin Vassiljevi lahkumisest ning paljust muust.&#13;\n<\/p>\n<p>Sander, kuidas sul praegu l\u00e4heb?<br \/>&#13;<br \/>\nElus l\u00e4heb suurep\u00e4raselt. See aasta on minu jaoks p\u00e4ris hea olnud. Olen peaaegu k\u00f5ik oma unistused v\u00f5i sihid jalgpallis t\u00e4itnud, mida ma tahtsin see aasta teha. Ma arvan, et elu on praegu super. Eesti ilmad v\u00f5iksid natuke paremad olla, aga muidu on v\u00e4ga tore.&#13;\n<\/p>\n<p>Mis sa suvel jalgpalli k\u00f5rvalt \u00fcldse oled j\u00f5udnud teha?<br \/>&#13;<br \/>\nPeamiselt ikka pere ja s\u00f5pradega aega veetnud. Kuna ma k\u00e4in veel koolis, siis s\u00fcgis, talv ja kevad on peamiselt sellega seotud. Aga muidu olen k\u00e4inud palju teisi spordialasid proovimas. P\u00f5him\u00f5tteliselt olengi olnud s\u00f5prade ja perega ning k\u00f5vasti trenni teinud.&#13;\n<\/p>\n<p>Kas k\u00e4id veel Arte G\u00fcmnaasiumis?<br \/>&#13;<br \/>\nN\u00fc\u00fcd k\u00e4in Audenteses. Tuli v\u00e4ike taktikaline muudatus, pidin enda koormust natuke madalamaks v\u00f5tma, et saaksin rohkem jalgpallile keskenduda. Muidu oli stress v\u00f5ib-olla liiga suur minu jaoks.&#13;\n<\/p>\n<p>Millal sa jalgpalliga alustasid ja p\u00e4ris esimest korda trenni l\u00e4ksid?<br \/>&#13;<br \/>\nMa olin \u00e4kki kahe-kolmene. Ma ise t\u00e4pselt ausalt ei tea, peab pereliikmete k\u00e4est k\u00fcsima, aga juttude j\u00e4rgi olin kolmene. K\u00e4isin lasteaia kaudu trennis, seda ma m\u00e4letan. Ema on \u00f6elnud, et olin p\u00f5him\u00f5tteliselt kogu aeg palliga. Otseselt ei olnud sellist asja, et mind oleks trenni surutud. V\u00e4ikesest peale, kohe kui s\u00fcndisin, olin p\u00f5him\u00f5tteliselt palliga. Siis pandi mind trenni ja sealt hakkas pihta.&#13;\n<\/p>\n<p>Aga sa l\u00e4ksid kohe Florasse, v\u00f5i alustasid kuskilt mujalt?<br \/>&#13;<br \/>\nEi l\u00e4inud. Ma l\u00e4ksin Harjusse lasteaia kaudu ja siis \u00e4kki t\u00e4di kaudu l\u00e4ksin Kaljusse aastaks v\u00f5i pooleks aastaks. Siis pere otsustas, et lasteaia kaudu Harju on parem valik ja sealt hakkas pihta. M\u00e4letan, et sain lasteaia kaudu veel kooli algklasside satsiga m\u00e4ngima ehk natuke vanematega. Seal saingi kokku Patrik Kristali, Tony Varjundi ja selliste meestega.&#13;\n<\/p>\n<p>Olete Tony ja Patrikuga juba lasteaiast alates head s\u00f5brad?<br \/>&#13;<br \/>\nJah, lasteaiaeas juba. Nad ei k\u00e4inud samas lasteaias, aga me k\u00e4isime lihtsalt koos trennis. Sealt hakkas pihta. Samamoodi Oliver Kullam\u00e4ega, kes praegu USA-s korvpalli m\u00e4ngib. Kahju, et temast jalgpallurit ei saanud, aga eks Kullam\u00e4e veri on ikka neil peres.&#13;\n<\/p>\n<p>Lasteaias k\u00e4isite eraldi, aga p\u00e4rast seda sattusite koos trenni ja hakkasite keerutama?<br \/>&#13;<br \/>\nJah! Alguses oli meil kooli kaudu mingi grupp ja siis meid v\u00f5eti 2006. aasta akadeemia gruppi, kus olid juba need, kes tegid t\u00f5sisemalt trenni. P\u00e4ris k\u00f5va sats oli meil koos. N\u00e4iteks Imre Kartau m\u00e4ngib ikka veel Harjus. V\u00e4ga k\u00f5va sats oli ja v\u00e4ga h\u00e4sti m\u00e4ngisime ka. Ei olnud t\u00e4iesti lambi punt, v\u00f5itsime p\u00e4ris palju asju ja olime ikka m\u00e4ngumehed. Meie treener oli kogu Harjus ja Kalevis oldud aja jooksul Taavi Viik.&#13;\n<\/p>\n<p><img decoding=\"async\" src=\"https:\/\/www.europesays.com\/ee\/wp-content\/uploads\/2026\/09\/1787941300.jpg\" alt=\"Esireas vasakult Oliver Kullam\u00e4e, Patrik Kristal ja Sander Alamaa, taga vasakpoolne Tony Varjund. Milline sats! Foto: erakogu\"\/>&#13;\n<\/p>\n<p>V\u00e4iksena n\u00e4gin sind p\u00e4ris palju Laagri staadionil harjutamas. Arvad sa, et need staadionil veedetud pikad p\u00e4evad on sinu arengule kaasa aidanud?<br \/>&#13;<br \/>\nKindlasti. V\u00f5ib-olla ei oleks mul seda sama isu ja tahet, mis mul praegu on ja mis mul oli m\u00f5ned aastad tagasi, et jalgpalliga j\u00e4tkata. Kui sa elad p\u00e4evast p\u00e4eva palliga ja l\u00e4hed noorest peast peaaegu igal v\u00f5imalusel staadionile, siis isegi kui sa otseselt ei treeni v\u00f5i ei viitsi midagi teha, l\u00e4hed lihtsalt peale l\u00f6\u00f6ma. See t\u00f5stab tahet, et tahaks edasi m\u00e4ngida.&#13;\n<\/p>\n<p>Minu jaoks oli see lihtne, sest elasin staadionile v\u00e4ga l\u00e4hedal. Mitte alati jalutusk\u00e4igu kaugusel, aga rattaga sai tulla. Alati olid ka s\u00f5brad, kes tahtsid minuga m\u00e4ngima tulla. Mul oli lihtne jalgpalli sees p\u00fcsida, isegi kui koolis v\u00f5i eraelus polnud k\u00f5ige paremad hetked. Jalgpall hoidis alati jalad maas. See on koht, kus saad ennast v\u00e4lja l\u00fclitada ja endast parima anda.<\/p>\n<p>Kas Tony ja Patrikuga veetsid ka koos staadionil pikki p\u00e4evi?<br \/>&#13;<br \/>\nPatriku ja Tonyga isegi nii palju ei k\u00e4inud, kuna \u00fcks elas Tabasalus ja teine kuskil Peetris. Eks me saime selle koosolemise limiidi juba trennis t\u00e4is, sest olime suhteliselt l\u00e4hedased. Pigem k\u00e4isin Ander-Joosep Kosega. Kui oli vaja, siis k\u00e4isin ka \u00fcksinda. Kui vahetasin klubi ja l\u00e4ksin Kalevisse v\u00f5i Florasse, tekkisid seal uued s\u00f5brad, kes tahtsid rohkem m\u00e4ngida ja kellel oli rohkem v\u00f5imalusi tulla. Tony ja Patrikuga oli ka nii, et vahepeal k\u00e4isime ja siis j\u00e4lle ei k\u00e4inud. See oli vahelduv.&#13;\n<\/p>\n<p>Olete te Tony ja Patrikuga t\u00e4naseni l\u00e4hedased s\u00f5brad?<br \/>&#13;<br \/>\nOleme k\u00fcll. Patrikuga r\u00e4\u00e4gime peamiselt l\u00e4bi k\u00f5rvaklappide ja mikrofoni, aga Tonyga oleme v\u00e4ga l\u00e4hedased ja suhtleme iga p\u00e4ev. Meil on see klapp alles j\u00e4\u00e4nud. M\u00f5ni aasta tagasi seda nii v\u00e4ga ei olnud, aga kui ma Florasse tagasi tulin, siis Tonyga hakkasime uuesti klappima. Patrikuga ka, kui ta Saksamaale l\u00e4ks. Ta tundis ennast vist natuke \u00fcksikuna ja tal oli vaja kellegagi Fortnite&#8217;i m\u00e4ngida ning mina ja Kulla (Oliver Kullam\u00e4e &#8211; G.S.) tulime ja aitasime ta v\u00e4lja .&#13;\n<\/p>\n<p>Kuidas sa ennast m\u00e4ngijana kirjeldaksid, millist t\u00fc\u00fcpi m\u00e4ngumees sa oled?<br \/>&#13;<br \/>\nEnesekindel. Ma arvan, et kuulan palju infot, mis sisse tuleb. Isegi kui see pole otseselt minu positsiooni kohta, n\u00e4iteks r\u00e4\u00e4gitakse keskkaitsjatele, kuulan ikka ja proovin aru saada, miks see nii on ja miks ta peaks midagi tegema. Mulle meeldib \u00fcks-\u00fchele ette v\u00f5tta ja statistikat teha. Proovin lihtsalt olla v\u00f5imalikult originaalne, nagu olen enne \u00f6elnud. Nii palju kui ma Premium liigat j\u00e4lgin, siis pole v\u00e4ga palju m\u00e4ngijaid, kes julgeks \u00e4\u00e4res ette v\u00f5tta nii palju kui n\u00e4iteks mina v\u00f5i Taavi J\u00fcrisoo.&#13;\n<\/p>\n<p>Tunnen, et peab proovima. Isegi kui ei tule v\u00e4lja, saab alati uuesti proovida. Ei pea kartma \u00fcks-\u00fchele ette v\u00f5tmist v\u00f5i pikemate ja raskemate s\u00f6\u00f6tude andmist. Olen ikkagi 18 ja mul on veel nii palju areneda. P\u00fc\u00fcan varakult alustada, mitte olla natuke vanem ja m\u00f5elda tagasi, et miks ma nii ei teinud.<\/p>\n<p>Milles sul k\u00f5ige rohkem areneda annab?<br \/>&#13;<br \/>\n Palliv\u00e4lised liikumised. V\u00f5ib-olla olla rohkem liikuv, et teha vastase elu natuke raskemaks. Proovida rohkem aidata tiimi erinevate liikumistega. Isegi kui ma otseselt ise palli ei saa, saan aidata kellelgi teisel palli saada, kes on v\u00f5ib-olla minust paremal positsioonil. Tahan olla meeskonnale v\u00f5imalikult kasulik, l\u00fc\u00fca v\u00e4ravaid, anda v\u00e4ravas\u00f6\u00f6te ja ise olukordi tekitada. Kui \u00f5pin rohkem ilma pallita liikuma ja oma \u00e4\u00e4rekaitsjat \u00e4ra v\u00e4sitama, siis see on praegu \u00fcks suuremaid asju, mida juurde \u00f5ppida.&#13;\n<\/p>\n<p>\u00dctleksid sa, et olid veel nooremana samasugune m\u00e4ngija, nagu praegu oled? V\u00f5tad julgelt ette, keerutad vastaseid ja l\u00f6\u00f6d v\u00e4ravaid. <br \/>&#13;<br \/>\nV\u00e4ravaid l\u00fc\u00fca meeldis mulle kindlasti. \u00c4\u00e4re peal ma kogu aeg ei olnud. Kui olin v\u00e4ike Harju poiss, m\u00e4ngisin p\u00e4ris palju tipur\u00fcndes. Vahepeal sattusin \u00e4\u00e4re peale ka, aga seda polnud liialt palju. Kui Kalevisse l\u00e4ksin, siis millegip\u00e4rast m\u00e4ngisin kuue v\u00f5i kaheksa peal. Ma t\u00e4pselt ei tea, miks treener nii otsustas, aga natuke avas see mu silmi ka. Kui hakkasime Kalevis 11 vs. 11 jalgpalli m\u00e4ngima, olin peamiselt \u00e4\u00e4res.&#13;\n<\/p>\n<p>\u00c4\u00e4rekaitses olin ka korra, aga see v\u00e4ga ei istunud. V\u00e4ravaid tahan ikka l\u00fc\u00fca! M\u00e4ngisin noorteklassides alati endast 2\u20133 aastat vanemate liigas. Liigas ja turniiridel m\u00e4ngisin algul kaks aastat vanemate vastu, hiljem Kalevis kolm aastat vanemate vastu. Oma vanuseklassis olen elu jooksul m\u00e4nginud ainult m\u00f5ne \u00fcksiku m\u00e4ngu, seda v\u00e4lismaa turniiridel. Eks see s\u00fcstib ka enesekindlust, sest sain ilusti hakkama.&#13;\n<\/p>\n<p><img decoding=\"async\" src=\"https:\/\/www.europesays.com\/ee\/wp-content\/uploads\/2026\/09\/1783542924.jpg\" alt=\"Sander Alamaa kohtumises Thbilisi Iberia vastu. Foto: Anna Andreas\"\/>&#13;\n<\/p>\n<p>Enesekindlusest sul puudu ei j\u00e4\u00e4. M\u00e4letan Premium liiga\u00a0Fantasy\u00a012. m\u00e4ngun\u00e4dalat, kui panid ennast triple captain&#8217;iks ja v\u00f5tsid k\u00f5ik punktid.<br \/>&#13;<br \/>\nTundsin lihtsalt, et v\u00f5ib-olla on minu p\u00e4ev. Teadsin, et annan nurgal\u00f6\u00f6ke, seega m\u00f5tlesin, et kui suudaks \u00fche \u00e4ra l\u00fc\u00fca, oleks juba punktid olemas. See v\u00e4rav kuidagi pani sellele ilusa punkti. Tegin endale hea kingituse, aga n\u00fc\u00fcd rohkem seda kasutada ei saa. Kui j\u00e4rgmine kord tunnen, et olen hoos, siis rohkem pole v\u00f5imalust.&#13;\n<\/p>\n<p>Millised Fantasy eesm\u00e4rgid on, kus fini\u0161eerime?<br \/>&#13;<br \/>\nTead, enam ei ole \u00fchtegi eesm\u00e4rki. Olen suhteliselt loobunud sellest. P\u00e4rast seda, kui Bubacarr Tambedou \u00e4ra l\u00e4ks, kadus motivatsioon \u00e4ra. Tema ja Rauno Sappinen t\u00f5id mulle seal p\u00e4ris korralikult punkte. N\u00fc\u00fcd on raske kedagi muud leida sinna osakonda.&#13;\n<\/p>\n<p>Millal sa teiste klubidega h\u00fcvasti j\u00e4tsid ja Floraga liitusid?<br \/>&#13;<br \/>\nTulin 2020. aasta suve l\u00f5pus Florasse. Kuni 2023. aastani olin noortes erinevates vanuseklassides ja 2023. aastal sain duubliga treenima. Ma ei saanud otseselt seal m\u00e4ngida, sest olin liiga noor ja seal oli mingite erilubadega teema. Tegin terve aasta U21 tiimiga trenni ja m\u00e4ngisin U17 liigat. Detsembris helistati, et tuled esindusse.&#13;\n<\/p>\n<p>Paljud noored jalgpallurid l\u00f5petavad just noortejalgpallist meeste m\u00e4ngu \u00fcle minnes karj\u00e4\u00e4ri. Kuidas sul see periood l\u00e4ks?<br \/>&#13;<br \/>\nV\u00e4ga keeruline oli. Esiteks on kehale alguses v\u00e4ga suur \u0161okk. Su keha lihtsalt ei jaksa seda koormust taluda ja l\u00f5puks hakkab keha erinevate vigastustega alla andma. Teiseks ei olnud ma siis nii enesekindel ega tahtnud nii palju ette v\u00f5tta kui praegu. Seet\u00f5ttu oli esimene aasta eriti raske. Oli keeruline m\u00e4nguminuteid saada ja \u00fcldse koosseisu p\u00e4\u00e4seda.&#13;\n<\/p>\n<p>Aga kui sa selle esimese aasta \u00fcle elad ja saad aru, mida pead arendama ning milline sa m\u00e4ngijana tegelikult oled, siis l\u00e4hevad j\u00e4rgmised aastad palju lihtsamalt. Kui sa esimese aasta hakkad laisklema ja m\u00f5tled, et n\u00fc\u00fcd on tehtud, sest olen esindusmeeskonnas, siis l\u00e4heb keeruliseks.<\/p>\n<p>Kuidas riietusruumis on, kui l\u00e4hed noorm\u00e4ngijana esindusse ja sul on seal Sappinen ja teised A-koondise m\u00e4ngijad?<br \/>&#13;<br \/>\nMinu puhul oli hea, et paljud kogenumad ja vanemad m\u00e4ngijad tulid vastu ning aitasid seda kooslust luua. Sappinen oli \u00fcks neist, Markus Soomets oli \u00fcks neist ja eelmisel aastal ka Markus Poom. Nad t\u00f5id noored ja vanemad rohkem kokku. Esimene aasta oli v\u00e4ga raske. Ikka kartsid ja olid ainult noortega, sest see oli mugav.&#13;\n<\/p>\n<p>Teisel aastal hakkasime vaikselt rohkem suhtlema ja r\u00e4\u00e4kima. N\u00fc\u00fcd on t\u00e4iesti tunne, et punt on \u00fcheks sulandunud. Ei ole ainult noored ja vanad, vaid k\u00f5ik on koos ja suhtlevad \u00fcksteisega. Ei ole tunnet, et teise m\u00e4ngijaga oleks 20 aastat vanusevahet. M\u00f5lemad tegelevad sama spordialaga, olete samas riietusruumis ja v\u00e4ljakul. L\u00f5puks on huvid ikka samad.&#13;\n<\/p>\n<p><img decoding=\"async\" src=\"https:\/\/www.europesays.com\/ee\/wp-content\/uploads\/2026\/09\/1787857961.jpg\" alt=\"Sander Alamaa mullu Flora s\u00e4rgis. Foto: Katariina Peetson \/ jalgpall.ee\"\/>&#13;\n<\/p>\n<p>Aga mida Poom, Soomets ja Sappinen n\u00e4iteks tegid, et noori meeskonda p\u00f5imida?<br \/>&#13;<br \/>\nNad tulid ise vahepeal sinuga r\u00e4\u00e4kima ja k\u00fcsisid, mis sa arvad sellest v\u00f5i teisest. Proovisid panna meid tundma, et oleme osa tervest satsist. See oli k\u00f5ige olulisem. Ma ei tea, kas need kaks ja pool aastat oleksid olnud nii head, kui mul poleks olnud selliseid m\u00e4ngijaid, kes tulevad ja aitavad mind. Ma ei ole selline inimene, kes kohe l\u00e4heb ja \u00fctleb: &#8220;Hei, oleme n\u00fc\u00fcd s\u00f5brad!&#8221;&#13;\n<\/p>\n<p>Kui keegi teine tuleb ja proovib sind gruppi tuua, teeb sinuga nalja v\u00f5i teete p\u00e4rast trenni midagi koos, siis see teeb s\u00fcdame soojaks. N\u00fc\u00fcd on endal ka tunne, et kui keegi duublist tuleb, tahaks panna teda tundma, et ta on osa meeskonnast ega ole lihtsalt suvaline noorm\u00e4ngija.<\/p>\n<p>Tegelikult oled ise ka alles 18, aga tunned juba, et oled meeskonnas vana olija, kes v\u00f5tab nooremaid vastu?<br \/>&#13;<br \/>\nJah! Eriti kui Denis Zotovi ja Andero Tatriku vanused mehed tulevad. Ma tean t\u00e4pselt seda, kust nad tulevad. Nad on veel nooremad kui mina olin esindusse tulles. V\u00f5ib-olla saan aru, kui raske neil on n\u00e4iteks Rauno Alliku v\u00f5i Sergei Zenjoviga mingit jutuajamist luua. Proovin ise noorematega vahepeal pulli teha ja panna neid tundma, et nad on osa satsist.&#13;\n<\/p>\n<p>Kui palju esinduses praegu \u00fcldse selliseid mehi on, kellega sa Flora noorteklassides koos olid?<br \/>&#13;<br \/>\nV\u00e4ga palju enam ei ole. Mark Hendrik Kukega olin koos, Remo Valdmetsaga olin peamiselt koondises ja duublis koos. Tonyga olen terve elu koos olnud, see on arusaadav. Andero Kaaresega olin ka p\u00e4ris pikalt koos. Aga enamik, kellega m\u00e4ngisin Flora noortes, on n\u00fc\u00fcd kas kuskil madalamates liigades, Esiliigas v\u00f5i \u00fcldse m\u00e4ngimise l\u00f5petanud.&#13;\n<\/p>\n<p>Mis sa arvad, miks see \u00e4rakukkumine toimub? Kas noortejalgpallist meeste jalgpalli on lihtsalt nii keeruline liikuda v\u00f5i pole k\u00f5igil sellist toetavat meeskonda?<br \/>&#13;<br \/>\nMa arvan, et see on kindlasti \u00fcks oluline asi. V\u00f5ib-olla on asi ka treenerites. Treener ei pruugi sind usaldada v\u00f5i ei anna sulle seda v\u00f5imalust, mida \u00e4ra kasutada ja n\u00e4idata, kes sa oled. Paljudel on olnud vigastused, mis on motivatsiooni \u00e4ra v\u00f5tnud. V\u00f5ib-olla on l\u00f5puks ka huvid teised. Leiad m\u00f5ne muu spordiala v\u00f5i tegevuse, mis sind rohkem huvitab, ja tunned, et jalgpalliga on k\u00f5ik.&#13;\n<\/p>\n<p>Mida peaks \u00fcks noorm\u00e4ngija omalt poolt tegema, et meeskonda paremini sulanduda?<br \/>&#13;<br \/>\nKui r\u00e4\u00e4gime esindusmeeskonda j\u00f5udmisest, siis t\u00f6\u00f6-t\u00f6\u00f6-t\u00f6\u00f6. Seal midagi muud v\u00e4ga ei ole. Kui annad iga p\u00e4ev ja igas trennis endast maksimumi, siis v\u00f5imalus silma j\u00e4\u00e4da ja areneda on palju suurem. Kui r\u00e4\u00e4gime meeskonda sulandumisest, siis see oleneb palju sellest, milline \u00f5hkkond riietusruumis on ja millised persoonid seal on. Ise saad olla rohkem avatud, koosolekutel kaasa r\u00e4\u00e4kida v\u00f5i tiimi\u00fcritustel rohkemate inimestega suhelda.&#13;\n<\/p>\n<p>Meil on praegu \u00fcks persoon duublist, kes tuli ja on kohe k\u00f5igiga t\u00e4ielik s\u00f5ber: Marten Kukkonen! Minu jaoks on see t\u00e4ielik m\u00fcstika. Kui mina oleks omal ajal sellist asja teinud, nagu tema praegu teeb, oleks mind t\u00e4iesti teise pilguga vaadatud. Aga meil on \u00f5hkkond nii hea. P\u00e4rast Sappineni lahkumist oli tegelikult vaja sellist persooni, kes naljategemise \u00fcle v\u00f5taks.&#13;\n<\/p>\n<p><a href=\"https:\/\/soccernet.ee\/fotod\/pl-parnu-jk-vaprus-tallinna-fc-flora9\" rel=\"nofollow noopener\" target=\"_blank\"><img decoding=\"async\" src=\"https:\/\/www.europesays.com\/ee\/wp-content\/uploads\/2026\/09\/1787552254.jpg\" alt=\"Marten Kukkonen ja Sander Alamaa. Foto: Svetlana Valijeva\"\/><\/a>&#13;\n<\/p>\n<p>Ehk Kukkonen on suur naljamees?<br \/>&#13;<br \/>\nTa on t\u00e4iesti omas mullis. Jalgpallist r\u00e4\u00e4kides tasub teil sellel mehel silm peal hoida. Tal on selline jalg, et t\u00e4iesti uskumatu. Isegi kui ta Esiliigas m\u00e4ngis, siis vahepeal vaatasid m\u00e4nge ja m\u00f5tlesid, millal kutse esindusse tuleb. Me juba aasta alguses ootasime teda, aga ei tea, miks ei tulnud. N\u00fc\u00fcd on ta saanud oma v\u00f5imaluse ja selle p\u00e4ris h\u00e4sti \u00e4ra kasutanud.&#13;\n<\/p>\n<p>Aga r\u00e4\u00e4gime eurohooajast \u2013 kuidas sa kogu selle kompoti kokku v\u00f5tad?<br \/>&#13;<br \/>\nK\u00f5ige rohkem j\u00e4id mind kripeldama k\u00f5ikide m\u00e4ngude esimesed poolajad. Tundsin, et me ei olnud valmis. Okei, Iberia m\u00e4ngus oli tase v\u00e4ga k\u00f5va, aga tegelikult saime l\u00f5puks hakkama. Lihtsalt tundsin, et igas m\u00e4ngus \u00e4rkasime liiga hilja. Kui oleksime n\u00e4iteks Iberia m\u00e4ngus ja Andorra m\u00e4ngus esimese poolaja paremini m\u00e4nginud, siis r\u00e4\u00e4giksime siin t\u00e4iesti teist juttu.&#13;\n<\/p>\n<p>Andorras me ei m\u00e4nginud esimesel poolajal palliga p\u00f5him\u00f5tteliselt \u00fcldse ja olime oma kastis. Iberia vastu oli samamoodi \u2013 alles teisel poolajal hakkasime p\u00e4riselt palliga m\u00e4ngima. L\u00f5ime k\u00fcll esimesel poolajal v\u00e4rava, aga oleme ausad, see tuli t\u00e4iesti nullolukorrast. See ei olnud \u00fclihea kombineerimine. Pall lihtsalt kukkus ette ja l\u00f6\u00f6di tagumisse nurka \u00e4ra.&#13;\n<\/p>\n<p>Te m\u00e4ngite noore koosseisuga. Leiad sa, et selle saab mingilgi m\u00e4\u00e4ral ebaedu p\u00f5hjenduseks tuua?<br \/>&#13;<br \/>\nEi, ma ei tahaks \u00f6elda, et saab. Ma arvan, et noorus on \u00fcks meie satsi tugevusi. K\u00f5ik nooremad m\u00e4ngijad, kes on saanud oma v\u00f5imaluse ja nendes eurom\u00e4ngudes m\u00e4ngisid, olid tegelikult tasemel. Nad ei j\u00e4\u00e4nud kuidagi alla. Nad teadsid, mis t\u00fc\u00fcpi m\u00e4ngud need on, mis t\u00e4htsusega, mis tempoga ja mis kvaliteediga meeskonnad vastas on. Ma ei arva, et see oleks vabandus, et oleme noortega ja t\u00e4nu sellele saime kahe m\u00e4ngu peale 0:6. Eelmisel aastal oli ka tegelikult noor sats ja v\u00f5tsime tiitli \u00e4ra.&#13;\n<\/p>\n<p>Eurohooaja l\u00f5pp oli eriti tume \u2013 0:4 kaotus A. Le Coq Arenal koduf\u00e4nnide ees.<br \/>&#13;<br \/>\nEi oskagi otseselt selle kohta mingeid s\u00f5nu leida, aga pettumus oli t\u00e4ielik. P\u00e4rast teist v\u00e4ravat A. Le Coq Arenal murdus terve sats \u00e4ra. P\u00e4rast seda tundsime, et vist ei ole enam lootust. See oli k\u00f5ige raskem. Meeskonna jaoks oli v\u00f5ib-olla viimane kaotus k\u00f5ige raskem, aga minu jaoks oli esimene kaotus Iberiale k\u00f5ige raskem. Isiklikult tundsin, et andsin endast k\u00f5ik ja meil oli reaalne v\u00f5imalus v\u00f5ita, minna lisaajale v\u00f5i \u00fcldse 90 minutiga asi kinni panna. P\u00e4rast seda m\u00e4ngu olid mul emotsioonid t\u00e4iesti maas. Aga eks elu \u00f5petab ja on asju, mida v\u00f5ib-olla teistmoodi teha.&#13;\n<\/p>\n<p>Tekkis kuidagi selline kuvand, et Eesti meister peaks kindlasti Andorra meistrile \u00e4ra panema. Mida sa neile \u00fctleksid, kes sellisel arvamusel on?<br \/>&#13;<br \/>\nMa \u00fctlen nii, et l\u00f5puks oleme meie platsil. Me n\u00e4eme ja tunneme, millised indiviidid on teises meeskonnas, mis kvaliteet neil on, kuidas nad palli liigutavad ja mis taktika neil on. L\u00f5puks oleme meie platsil ja k\u00f5ik teised lihtsalt vaatavad. See on reaalsus. Isiklikult ma meediat v\u00e4ga palju ei loe ega kuulanud v\u00e4ga, mida k\u00f5ik \u00fctlesid. Kui n\u00fc\u00fcd kuulen, et \u00f6eldi, et oleksime pidanud nad kindlalt \u00e4ra v\u00f5tma, siis praegu on nad Konverentsiliiga p\u00f5hiturniiril. Seega tegelikult ei ole nad mingi lambisats.&#13;\n<\/p>\n<p><img decoding=\"async\" src=\"https:\/\/www.europesays.com\/ee\/wp-content\/uploads\/2026\/09\/1784321015.jpg\" alt=\"Konstantin Vassiljev m\u00f5jutas Sander Alamaa karj\u00e4\u00e4ri suurel m\u00e4\u00e4ral. Foto: Anna Andreas\"\/>&#13;\n<\/p>\n<p>P\u00e4rast suurt kaotust l\u00e4ksid Flora ja Konstantin Vassiljevi teed lahku. Mida sina noore florakana sellest k\u00f5igest arvad?<br \/>&#13;<br \/>\nL\u00f5puks on see klubi otsus. Kui klubi n\u00e4eb, et tulemust ei ole v\u00f5i jalgpall, mida me m\u00e4ngime, ei ole see, mida klubi ootaks, siis ei saa midagi vastu \u00f6elda. See 0:6 oli v\u00f5ib-olla palju. Isiklikult mulle Kostja v\u00e4ga meeldis inimesena ja treenerina. Sappinen kunagi \u00fctles, et kui Kostjal on midagi valesti, siis proovib ta l\u00e4bi inimeste probleemi lahendada. See mulle meeldis.&#13;\n<\/p>\n<p>T\u00e4nu klubile ja muidugi ka Kostjale sain oma esimesed algkooseisum\u00e4ngud Premium liigas. Selle eest olen v\u00e4ga t\u00e4nulik ja kindlasti ei oleks ma ilma tema, staff&#8217;i ja klubi toetuseta siin, kus praegu olen. Mul on Kostja  vastu v\u00e4ga suur austus ja kindlasti ei ole midagi halba \u00f6elda.&#13;\n<\/p>\n<p>\u00dctleksid sa, et Kostja oli see treener, kes sul l\u00e4bimurde aitas teha?<br \/>&#13;<br \/>\nJah, tema oli l\u00f5puks see, kes mind usaldas. V\u00f5ib-olla teenisin selle natuke ka ise oma enesekindlusega v\u00e4lja, aga tore, et ta andis mulle v\u00f5imaluse minna ja proovida. Tema ja terve treeneritetiim surusid mind, et tee k\u00f5vasti, sul on k\u00f5ik olemas. Lihtsalt enesekindlust oli vaja. Kui selle k\u00e4tte sain, siis olen siiamaani p\u00f5him\u00f5tteliselt k\u00f5ik m\u00e4ngud m\u00e4nginud, kus olen koosseisus olnud. Arvan, et l\u00e4bimurde jaoks oli v\u00e4ga oluline ka k\u00f5ik see t\u00f6\u00f6, mida tegin noorteklassides ja duublis Taavi Viigi k\u00e4e all. Sealt saab ju k\u00f5ik alguse.&#13;\n<\/p>\n<p>Vassiljev oli r\u00fcndava suunitlusega m\u00e4ngija ja A-koondise legend. Kui palju ta sulle r\u00fcndajalt r\u00fcndajale \u00f5petuss\u00f5nu jagas?<br \/>&#13;<br \/>\nT\u00e4nu Kostjale on minu tehnikas p\u00e4ris palju muutunud. Eriti see, kuidas ma palli taban. Tal oli alati lause, et \u00e4ra proovi ristnurka l\u00fc\u00fca, proovi lihtsalt raami l\u00fc\u00fca. Sa ei tea, mis v\u00f5ib juhtuda \u2013 pall v\u00f5ib kuskilt l\u00e4bi minna v\u00f5i otse sisse lennata. K\u00f5ige olulisem on, et l\u00f6\u00f6k l\u00e4heks raami.&#13;\n<\/p>\n<p>Palliga ja pallita liikumine oli peamiselt Karl M\u00f6\u00f6li t\u00f6\u00f6. Aga k\u00f5ik, mis puudutas tehnilist poolt ehk s\u00f6\u00f6dud, nurgal\u00f6\u00f6gid, karistusl\u00f6\u00f6gid ja pealel\u00f6\u00f6gid, seal aitas Kostja mind k\u00f5ige rohkem. See Kuressaare vastu l\u00f6\u00f6dud v\u00e4rav \u2013 Kostja surus mind trennis just selliseid l\u00f6\u00f6ke harjutama.&#13;\n<\/p>\n<p>Vaata k\u00f5nealust v\u00e4ravat siit:\u00a0&#13;\n<\/p>\n<p>&#13;\n<\/p>\n<p>Sa oled Vassiljevit koondises n\u00e4inud ja n\u00fc\u00fcd andis ta sulle personaalselt \u00f5petuss\u00f5nu. Oli natuke s\u00fcrreaalne tunne ka? <br \/>&#13;<br \/>\nJah, ikka. Kui ma tulin, siis ta ju tegelikult veel m\u00e4ngis oma viimasel hooajal. See, mida ma trennis n\u00e4gin, kui olin temaga samas meeskonnas, oli t\u00e4iesti ulme. Sa v\u00f5isid arvata, et mees ei n\u00e4e sind. Jooksed kuskilt pimeda nurga alt liini taha ja ta annab sulle ideaalse s\u00f6\u00f6du jala peale. M\u00f5tled lihtsalt, et see inimene ei ole ju p\u00e4ris. Ka praegu, kui ta meil trennis oli kas v\u00f5i neutraalsena ja tegi natuke kaasa, siis see s\u00f6\u00f6dut\u00e4psus ja k\u00f5ik muu oli t\u00e4iesti haige.&#13;\n<\/p>\n<p>M\u00e4letan, et trennis ei tulnud mul nurgal\u00f6\u00f6k v\u00e4lja. Ta tuli ja \u00fctles, et lase niimoodi, ning pani ise perfektse palli. M\u00f5tlesin, et sa oled Kostja, see on ju loogiline, et sa oskad! Teda oli vinge vaadata. Eriti 2023. aastal, kui ta j\u00e4rjest t\u00f5mbas \u2013 v\u00e4ravad, s\u00f6\u00f6dud, k\u00f5ik asjad. T\u00e4iesti haige. Kui inimesed n\u00e4eksid, mis kvaliteet tal trennides oli, siis ma arvan, et temast r\u00e4\u00e4gitaks veel suuremaid jutte.&#13;\n<\/p>\n<p>Mulle tundub, et ta l\u00e4ks tervele meeskonnale v\u00e4ga korda. Tema lahkumine oli meeskonnale ilmselt v\u00e4ga valus?<br \/>&#13;<br \/>\nJah, kindlasti oli valus. Just vaimse poole pealt. Isiklikult tundsin, et ta suutis treeneri ja justkui s\u00f5bra rolli samal ajal t\u00e4ita. Ta teadis, millal on vaja sulle \u00f6elda, et davai, pane juurde ja tee seda v\u00f5i teist. Aga kui j\u00f5udsid riietusruumi, siis tegi ikka nalja. Said aru, et ta pole lihtsalt treener, vaid inimene ka.&#13;\n<\/p>\n<p>M\u00f6\u00f6l v\u00f5ttis kohuset\u00e4itjana t\u00f6\u00f6 \u00fcle. Kuidas ta seni sinu hinnangul hakkama on saanud?<br \/>&#13;<br \/>\nM\u00f6\u00f6liga on suhteliselt sama asi nagu Kostjaga. Ta teab, millal sulle midagi \u00f6elda ja millal lihtsalt nalja teha. Nii palju kui oleme saanud trenni teha ja M\u00f6\u00f6li n\u00e4gemuse j\u00e4rgi m\u00e4ngida, mulle v\u00e4ga meeldib see, kuidas ta m\u00f5tleb ja m\u00e4ngu n\u00e4eb. Just r\u00e4\u00e4kisime temaga. Tegelikult oli meil kiire, aga M\u00f6\u00f6l \u00fctles, et mis sa arvad sellest ja sellest. L\u00f5puks r\u00e4\u00e4kisime tund aega ja sain aru, et ta n\u00e4eb jalgpalli v\u00e4ga h\u00e4sti. Ma ei teadnud enne, et temas selline sisu on. Mulle v\u00e4ga meeldib see. Selle kvaliteediga, mis meil meeskonnas on, on tegelikult k\u00f5ik t\u00e4iesti tehtav. Asi on v\u00f5ib-olla natuke m\u00e4ngijates kinni.&#13;\n<\/p>\n<p><img decoding=\"async\" src=\"https:\/\/www.europesays.com\/ee\/wp-content\/uploads\/2026\/09\/1783542927.jpg\" alt=\"Rauno Sappinen oli Floras noorm\u00e4ngijatele eeskujuks. Foto: Anna Andreas\"\/>&#13;\n<\/p>\n<p>Lahkus ka Sappinen. Kes teie meeskonnas praegu tema lahkumise j\u00e4rel liidrirolli v\u00f5tnud on?<br \/>&#13;<br \/>\nKindlasti k\u00f5ik vanemad m\u00e4ngijad. Neil on k\u00f5ige rohkem kogemust ja nad teavad k\u00f5ige paremini. Aga Tony on ka kindlasti selline mees. Tal ei ole see kaptenipael ilma asjata. Ta ei ole otseselt selline, kes kohe kurjalt \u00fctleb. Aga see kogemus, mis tal on, kuidas ta m\u00e4ngib ja milline ta inimesena on \u2013 ma arvan, et sellep\u00e4rast tal see pael on.&#13;\n<\/p>\n<p>Ta on v\u00e4ga avatud inimene, Eesti tasemel v\u00e4ga hea jalgpallur ja v\u00e4ga aus inimene. Isegi mulle kui v\u00e4ga heale s\u00f5brale \u00fctleb ta vahepeal, et kuule, mida sa teed. See mulle tema puhul meeldib. Kui Allikut v\u00e4ljakul ei ole, siis ma arvan, et ta t\u00e4idab seda rolli p\u00e4ris h\u00e4sti.&#13;\n<\/p>\n<p>Hiljuti tegi Flora eest deb\u00fc\u00fcdi 14-aastane Denis Zotov. Me r\u00e4\u00e4gime sinust kui noorest m\u00e4ngijast, aga sina oled 18 ja tema 14. Mis tema fenomen on?<br \/>&#13;<br \/>\nTa on \u00fclimalt liikuv m\u00e4ngija, tal on v\u00e4ga hea tehnika, ta on julge ja v\u00e4ga hea jalaga. See on see, mida olen temas n\u00e4inud. Ma arvan, et ta v\u00e4\u00e4rib meeskonnas olemist. Seda n\u00e4itab ka see, et isegi kui oleme 1:2 kaotusseisus, tuuakse ta v\u00e4ljakule. See n\u00e4itab, et mehes on midagi erilist. Kui ta j\u00e4tkab samas vaimus ega l\u00e4he \u00fclemeelikuks, et n\u00fc\u00fcd olen 14-aastasena esinduses, siis ma arvan, et tema on Eesti jalgpalli tulevik.&#13;\n<\/p>\n<p>Sa oled esindanud k\u00f5iki noortekoondiseid, aga millal me sind A-koondises n\u00e4eme?<br \/>&#13;<br \/>\nOotan k\u00f5net v\u00e4ga! Aga k\u00f5ik juhtub omal ajal ja loodetavasti see tuleb millalgi. Me ei tea, kas see tuleb n\u00fc\u00fcd septembris v\u00f5i \u00fcldse aasta aja p\u00e4rast. See tuleb siis, kui tulema peab. Ma arvan, et elu teab, millal ma valmis olen, ja loodetavasti J\u00fcrgen Henn teab, millal peab mulle helistama.&#13;\n<\/p>\n<p>V\u00e4ga tahaksin A-koondist esindada. See on alati unistus olnud. Rahvusstaadionil t\u00e4ismaja ees m\u00e4ngida \u2013 oleksid natuke rumal, kui see poleks eestlasena su unistus. Loodetavasti \u00fchel p\u00e4eval saab.&#13;\n<\/p>\n<p>Sa oled testimas k\u00e4inud Portugalis Braga juures ja Hollandis Feyenoordi juures. Miks need ainult testimisteks on j\u00e4\u00e4nud?<br \/>&#13;<br \/>\nJah, need j\u00e4id paraku vaid testimisteks. Tegelikult oleksin v\u00f5ib-olla tahtnud Feyenoordi U21 meeskonna juurde j\u00e4\u00e4da. V\u00f5ib-olla oleks see mu arengule parem olnud. Aga kui mulle \u00e4ra \u00f6eldi, siis ma arvan, et see viha, mis mu sees oli, n\u00e4itab n\u00fc\u00fcd ennast v\u00e4ljakul. Millal v\u00e4lismaale l\u00e4hen, seda ma \u00f6elda ei oska. J\u00e4llegi, loodus teeb oma t\u00f6\u00f6 ja teab, millal ma valmis olen. V\u00f5ib-olla pole see jaanuaris, v\u00f5ib-olla pole j\u00e4rgmisel suvel, v\u00f5ib-olla on \u00fcldse 2027. aasta l\u00f5pus. Me ei tea. Teen endast k\u00f5ik oleneva, et see juhtuks v\u00f5imalikult kiiresti. Ma tean, et v\u00f5in nendes teemades t\u00e4ielikult oma agenti Harri Ojamaad usaldada, kes usub minusse v\u00e4ga palju, aitab mind ja teeb oma t\u00f6\u00f6d h\u00e4sti.&#13;\n<\/p>\n<p>Aga tagasiside on ju klubidest igati positiivne olnud?<br \/>&#13;<br \/>\nJah, pigem on positiivne olnud. Eesti poisina pead lihtsalt olema midagi t\u00e4iesti erilist. Neid m\u00e4ngijaid, kes on Portugalist v\u00f5i Hollandist ja v\u00f5ib-olla sinuga samal tasemel v\u00f5i isegi natuke madalamal, on klubidel lihtsam v\u00f5tta. Elamiskulud ja sellised asjad on klubi jaoks olulised. Neil on lihtsam v\u00f5tta keegi oma riigist v\u00f5i l\u00e4hedasemast riigist. Eestlasena pead olema t\u00e4iesti m\u00fcstika. Pead k\u00f5igil m\u00fctsid peast \u00e4ra l\u00f6\u00f6ma, et kuhugi j\u00f5uda.&#13;\n<\/p>\n<p><img decoding=\"async\" src=\"https:\/\/www.europesays.com\/ee\/wp-content\/uploads\/2026\/09\/1787857372.jpg\" alt=\"Sander Alamaa praeguse meeskonnakaaslase Airon Kollo vastu pallimas. Foto: Janek Eslon\"\/>&#13;\n<\/p>\n<p>Arvad sa, et passis olev riigilipp m\u00e4\u00e4rab t\u00f5esti nii palju?<br \/>&#13;<br \/>\nMingil m\u00e4\u00e4ral kindlasti. Kui passis oleks n\u00e4iteks Hispaania v\u00f5i Inglismaa lipp, siis l\u00e4bil\u00f6\u00f6k oleks kindlasti samamoodi raske, sest nendes riikides m\u00e4ngib nii palju inimesi jalgpalli. Aga kui sa oled hea ja sul on Hispaania v\u00f5i Inglismaa lipp, siis ma arvan, et see annab natuke juurde. Natuke m\u00e4ngib Eesti lipp meile vastu, aga l\u00f5puks on see k\u00f5ik minu jaoks motivatsiooni allikas. Tahangi olla parem ja ennast rohkem n\u00e4idata. Tahan n\u00e4idata, et olen seda kohta v\u00e4\u00e4rt, vahet pole, kust ma p\u00e4rit olen.&#13;\n<\/p>\n<p>Millised on su unistused jalgpallimaailmas?<br \/>&#13;<br \/>\nUnistus on m\u00e4ngida Pep Guardiola k\u00e4e all. Sellep\u00e4rast ma Manchester City toetaja olengi. Kindlasti tahaks m\u00e4ngida Inglismaal Premier League&#8217;is. Ei pea isegi olema esiviisiku meeskond. Kindlasti tahan Meistrite liigas m\u00e4ngida, vahet pole, mis klubi eest. Kui staadionil k\u00f5lab Meistrite liiga h\u00fcmn, siis see tunne tekitab lihtsalt k\u00fclmav\u00e4rina.&#13;\n<\/p>\n<p>Guardiola m\u00e4ngustiil ja metoodika on minu arvates lihtsalt imetlusv\u00e4\u00e4rne. Praegu on Luis Enrique ka selline, kes m\u00e4ngib palliga v\u00e4ga palju. Vincent Kompany Bayerniga samamoodi. V\u00e4ga liikuvad meeskonnad, kes tahavad palju palliga olla. Selline m\u00e4ngustiil mulle v\u00e4ga meeldib.&#13;\n<\/p>\n<p>Aga kes sulle m\u00e4ngijatest meeldib? Sa r\u00e4\u00e4kisid Vincent Kompanyst ja Bayernist. Ma pakun, et su lemmikm\u00e4ngija on Michael Olise?<br \/>&#13;<br \/>\nK\u00f5ik r\u00e4\u00e4givad Olisest ja Yamalist, aga miks keegi ei r\u00e4\u00e4gi Mika Godtsist v\u00f5i n\u00e4iteks Konstantinos Karetsasest? Mika Godts on tegelikult v\u00e4ga k\u00f5rge klassiga m\u00e4ngija. Ma arvan, et temast ei r\u00e4\u00e4gita piisavalt. Samamoodi Karetsas, kes on Genkis. Noor kreeklane, v\u00e4ga tehniline ja hea m\u00e4ngija. Desire Doue samamoodi, mulle v\u00e4ga meeldib tema m\u00e4ngustiil. Mulle meeldib natuke teisi m\u00e4ngijaid vaadata, keda nii palju t\u00e4hele ei panda.&#13;<\/p>\n","protected":false},"excerpt":{"rendered":"&#13; Tallinna Flora 18-aastasest \u00e4\u00e4rer\u00fcndajast Sander Alamaast r\u00e4\u00e4gitakse kui suurest tulevikulootusest. T\u00e4navu on ta end Premium liigas pildile&hellip;\n","protected":false},"author":2,"featured_media":265602,"comment_status":"","ping_status":"","sticky":false,"template":"","format":"standard","meta":{"footnotes":"","_share_on_mastodon":"0"},"categories":[18],"tags":[5703,37,33,35,5887,34,36,161,163,453,16832,2823,16833,3654,42710,159,158,1465,700,3114],"class_list":["post-265601","post","type-post","status-publish","format-standard","has-post-thumbnail","category-sport","tag-alamaa","tag-ee","tag-eesti","tag-eesti-keel","tag-eesti-noortekoondised","tag-estonia","tag-estonian","tag-fc-flora","tag-flora","tag-intervjuu","tag-karl-mool","tag-konstantin-vassiljev","tag-mool","tag-noortekoondis","tag-sander-alamaa","tag-sport","tag-sports","tag-tallinna-fc-flora","tag-tallinna-flora","tag-vassiljev"],"share_on_mastodon":{"url":"https:\/\/pubeurope.com\/@ee\/117195116092497654","error":""},"_links":{"self":[{"href":"https:\/\/www.europesays.com\/ee\/wp-json\/wp\/v2\/posts\/265601","targetHints":{"allow":["GET"]}}],"collection":[{"href":"https:\/\/www.europesays.com\/ee\/wp-json\/wp\/v2\/posts"}],"about":[{"href":"https:\/\/www.europesays.com\/ee\/wp-json\/wp\/v2\/types\/post"}],"author":[{"embeddable":true,"href":"https:\/\/www.europesays.com\/ee\/wp-json\/wp\/v2\/users\/2"}],"replies":[{"embeddable":true,"href":"https:\/\/www.europesays.com\/ee\/wp-json\/wp\/v2\/comments?post=265601"}],"version-history":[{"count":0,"href":"https:\/\/www.europesays.com\/ee\/wp-json\/wp\/v2\/posts\/265601\/revisions"}],"wp:featuredmedia":[{"embeddable":true,"href":"https:\/\/www.europesays.com\/ee\/wp-json\/wp\/v2\/media\/265602"}],"wp:attachment":[{"href":"https:\/\/www.europesays.com\/ee\/wp-json\/wp\/v2\/media?parent=265601"}],"wp:term":[{"taxonomy":"category","embeddable":true,"href":"https:\/\/www.europesays.com\/ee\/wp-json\/wp\/v2\/categories?post=265601"},{"taxonomy":"post_tag","embeddable":true,"href":"https:\/\/www.europesays.com\/ee\/wp-json\/wp\/v2\/tags?post=265601"}],"curies":[{"name":"wp","href":"https:\/\/api.w.org\/{rel}","templated":true}]}}