{"id":265605,"date":"2026-09-01T09:40:13","date_gmt":"2026-09-01T09:40:13","guid":{"rendered":"https:\/\/www.europesays.com\/ee\/265605\/"},"modified":"2026-09-01T09:40:13","modified_gmt":"2026-09-01T09:40:13","slug":"tallinn-soovib-osta-lai-tanava-endise-ministeeriumihoone-vhk-kasutusse","status":"publish","type":"post","link":"https:\/\/www.europesays.com\/ee\/265605\/","title":{"rendered":"Tallinn soovib osta Lai t\u00e4nava endise ministeeriumihoone VHK kasutusse"},"content":{"rendered":"<p>Abilinnapea Andrei Kante s\u00f5nul toetaks Laia t\u00e4nava hoone VHK senist arengut ja  parandaks oluliselt kooli ruumitingimusi. \u201eTallinna \u00fclesanne on luua koolidele tingimused, kus nad saavad oma tugevusi ja erip\u00e4ra edasi arendada. VHK on teinud j\u00e4rjepidevat t\u00e4nuv\u00e4\u00e4rset t\u00f6\u00f6d kaasava hariduse rakendamisel ning Laia t\u00e4nava hoone annaks selleks veelgi paremad ruumilised v\u00f5imalused,\u201c \u00fctles ta. <\/p>\n<p>Lai tn 39\/41 hoone suletud netopind on ligikaudu 7750 ruutmeetrit. Esialgse ruumiprogrammi j\u00e4rgi on sinna kavandatud VHK p\u00f5hikooli osa koos v\u00e4ikeklassidega, osa huvitegevusest ja tugifunktsioonidest ning ligikaudu 670 \u00f5pilast. Hoone ruumiline \u00fclesehitus, k\u00f5rged laed, avarad trepikojad ja sisehoov loovad head eeldused VHK \u00f5pilaste vajadustele vastava \u00f5pikeskkonna kujundamiseks.  <\/p>\n<p>Lai tn 39\/41 kinnistu kokkuleppeline ostuhind on 5,703 miljonit eurot ning tehingus olevate kinnistute maksumused on leitud s\u00f5ltumatute hindajate poolt koostatud hindamiste tulemusena. Kinnistu omandamine on osa laiemast Tallinna ja Riigi Kinnisvara AS-i (RKAS) vahel kavandatavast kinnisvaratehingust. <\/p>\n<p>Linn omandaks RKAS-ilt ka Liikuri tn 66 kinnistu ning v\u00f5\u00f5randaks RKAS-ile viis linnale kuuluvat kinnistut. Omandatavate kinnisasjade m\u00fc\u00fcgihind on kokku 6,179 miljonit eurot ning sama suur on RKAS-ile v\u00f5\u00f5randatavate kinnisasjade m\u00fc\u00fcgihind. Ostu- ja m\u00fc\u00fcgihinnad tasaarvestatakse. <\/p>\n<p>Eesti tarbekunsti- ja disainimuuseum j\u00e4tkab Lai tn 17 hoone kasutamist ka p\u00e4rast kinnistu v\u00f5\u00f5randamist RKAS-ile, muuseumiga seotud \u00fc\u00fcrisuhe j\u00e4tkub uue omaniku juures. <\/p>\n<p>Riigi Kinnisvara juhatuse esimehe Tarmo Leppoja s\u00f5nul on tehingu puhul oluline, et ajaloolisele hoonele leitakse pikaajaline ja avalikku huvi teeniv kasutus. \u201eMeil on hea meel, et v\u00e4\u00e4rtuslik ja muinsuskaitse all olev hoone j\u00e4\u00e4b headesse k\u00e4tesse ning s\u00e4ilib ka edaspidi avalikus kasutuses. Lai t\u00e4nava hoone saab uue funktsiooni, mis toetab nii haridust kui ka vanalinna eluj\u00f5ulisust. T\u00e4name Tallinna Linnavalitsust hea ja lahendustele suunatud koost\u00f6\u00f6 eest,\u201c r\u00e4\u00e4kis ta. <\/p>\n<p>Enne koolina kasutuselev\u00f5ttu tuleb Lai tn 39\/41 hoone p\u00f5hjalikult rekonstrueerida ja kohandada \u00f5ppehoone n\u00f5uetele. Varasema tehnilise anal\u00fc\u00fcsi j\u00e4rgi on hoone koolina kasutuselev\u00f5tt teostatav, investeeringu v\u00f5imalik maksumus ja ajakava t\u00e4psustuvad projekteerimise k\u00e4igus.  <\/p>\n","protected":false},"excerpt":{"rendered":"Abilinnapea Andrei Kante s\u00f5nul toetaks Laia t\u00e4nava hoone VHK senist arengut ja parandaks oluliselt kooli ruumitingimusi. \u201eTallinna \u00fclesanne&hellip;\n","protected":false},"author":2,"featured_media":265606,"comment_status":"","ping_status":"","sticky":false,"template":"","format":"standard","meta":{"footnotes":"","_share_on_mastodon":"0"},"categories":[12],"tags":[687,679,667,26,27,673,688,663,662,37,33,35,684,683,692,34,36,31,32,208,148,21,206,668,669,381,686,677,694,691,339,680,28,29,671,672,377,690,144,678,665,19,693,676,666,25,322,664,150,695,685,159,394,682,674,675,23,24,689,222,22,20,670,681,149,30],"class_list":["post-265605","post","type-post","status-publish","format-standard","has-post-thumbnail","category-eesti","tag-ajaviide","tag-autoleht","tag-blog","tag-breaking-news","tag-breakingnews","tag-cv","tag-date","tag-defli","tag-delfi","tag-ee","tag-eesti","tag-eesti-keel","tag-ekaart","tag-email","tag-erootika","tag-estonia","tag-estonian","tag-featured-news","tag-featurednews","tag-film","tag-foto","tag-headlines","tag-horoskoop","tag-ilm","tag-ilmaennustus","tag-internet","tag-kaart","tag-kava","tag-kindlustus","tag-kinnisvara","tag-kuulutused","tag-lasteleht","tag-latest-news","tag-latestnews","tag-loto","tag-majandus","tag-mangud","tag-mobiil","tag-muusika","tag-naisteleht","tag-naljad","tag-news","tag-otsing","tag-pank","tag-pilt","tag-populaarseimad-lood","tag-raadio","tag-reklaam","tag-seks","tag-sms","tag-solo","tag-sport","tag-tarkvara","tag-tasuta","tag-too","tag-toopakkumised","tag-top-stories","tag-topstories","tag-tutvus","tag-tv","tag-uldised-uudised","tag-uudised","tag-valimised","tag-valuuta","tag-video","tag-viimased-uudised"],"share_on_mastodon":{"url":"","error":"Validation failed: Text character limit of 500 exceeded"},"_links":{"self":[{"href":"https:\/\/www.europesays.com\/ee\/wp-json\/wp\/v2\/posts\/265605","targetHints":{"allow":["GET"]}}],"collection":[{"href":"https:\/\/www.europesays.com\/ee\/wp-json\/wp\/v2\/posts"}],"about":[{"href":"https:\/\/www.europesays.com\/ee\/wp-json\/wp\/v2\/types\/post"}],"author":[{"embeddable":true,"href":"https:\/\/www.europesays.com\/ee\/wp-json\/wp\/v2\/users\/2"}],"replies":[{"embeddable":true,"href":"https:\/\/www.europesays.com\/ee\/wp-json\/wp\/v2\/comments?post=265605"}],"version-history":[{"count":0,"href":"https:\/\/www.europesays.com\/ee\/wp-json\/wp\/v2\/posts\/265605\/revisions"}],"wp:featuredmedia":[{"embeddable":true,"href":"https:\/\/www.europesays.com\/ee\/wp-json\/wp\/v2\/media\/265606"}],"wp:attachment":[{"href":"https:\/\/www.europesays.com\/ee\/wp-json\/wp\/v2\/media?parent=265605"}],"wp:term":[{"taxonomy":"category","embeddable":true,"href":"https:\/\/www.europesays.com\/ee\/wp-json\/wp\/v2\/categories?post=265605"},{"taxonomy":"post_tag","embeddable":true,"href":"https:\/\/www.europesays.com\/ee\/wp-json\/wp\/v2\/tags?post=265605"}],"curies":[{"name":"wp","href":"https:\/\/api.w.org\/{rel}","templated":true}]}}