{"id":265619,"date":"2026-09-01T10:03:19","date_gmt":"2026-09-01T10:03:19","guid":{"rendered":"https:\/\/www.europesays.com\/ee\/265619\/"},"modified":"2026-09-01T10:03:19","modified_gmt":"2026-09-01T10:03:19","slug":"intervjuu-%e2%9f%a9-margus-punab-uuest-raamatust-tervislikuks-eluks-on-koige-tahtsam-oigesti-moelda","status":"publish","type":"post","link":"https:\/\/www.europesays.com\/ee\/265619\/","title":{"rendered":"INTERVJUU \u27e9 Margus Punab uuest raamatust: \u00abTervislikuks eluks on k\u00f5ige t\u00e4htsam \u00ab\u00f5igesti\u00bb m\u00f5elda\u00bb"},"content":{"rendered":"<p>Margus Punab on aastak\u00fcmneid tegelenud meeste tervisega, kuid oma uues raamatus \u00abSinu elu k\u00f5ige ilusam ja vabam vaatus\u00bb k\u00e4sitleb ta teemasid, mis ulatuvad igap\u00e4evasest arstit\u00f6\u00f6st kaugemale. Tartu \u00dclikooli androloogia professor kirjutab vananemisest, tervisest, harjumustest ja sellest, mida inimene saab ise teha, et elu teine pool ei t\u00e4hendaks \u00fcksnes aastate lisandumist, vaid ka paremat elukvaliteeti. K\u00fcsisime Punabilt, kuidas vananeda h\u00e4sti, miks teadmistest alati ei piisa ja kas ta ise elab oma soovituste j\u00e4rgi.<\/p>\n","protected":false},"excerpt":{"rendered":"Margus Punab on aastak\u00fcmneid tegelenud meeste tervisega, kuid oma uues raamatus \u00abSinu elu k\u00f5ige ilusam ja vabam vaatus\u00bb&hellip;\n","protected":false},"author":2,"featured_media":265620,"comment_status":"","ping_status":"","sticky":false,"template":"","format":"standard","meta":{"footnotes":"","_share_on_mastodon":"0"},"categories":[12],"tags":[26,27,25250,37,33,35,6525,34,36,103095,31,32,24340,21,34868,28,29,8396,19,25,15088,103093,179,10056,103094,84288,9808,23,24,22,20,7514,30],"class_list":["post-265619","post","type-post","status-publish","format-standard","has-post-thumbnail","category-eesti","tag-breaking-news","tag-breakingnews","tag-d-vitamiin","tag-ee","tag-eesti","tag-eesti-keel","tag-elukvaliteet","tag-estonia","tag-estonian","tag-euroopa-vananemise-uuring","tag-featured-news","tag-featurednews","tag-harjumused","tag-headlines","tag-kehaline-aktiivsus","tag-latest-news","tag-latestnews","tag-margus-punab","tag-news","tag-populaarseimad-lood","tag-postimehe-kirjastus","tag-psuhholoogia-ja-tervis","tag-raamat","tag-raamatuesitlus","tag-termiline-stress","tag-tervisekaitumine","tag-toidulisandid","tag-top-stories","tag-topstories","tag-uldised-uudised","tag-uudised","tag-vananemine","tag-viimased-uudised"],"share_on_mastodon":{"url":"","error":"Validation failed: Text character limit of 500 exceeded"},"_links":{"self":[{"href":"https:\/\/www.europesays.com\/ee\/wp-json\/wp\/v2\/posts\/265619","targetHints":{"allow":["GET"]}}],"collection":[{"href":"https:\/\/www.europesays.com\/ee\/wp-json\/wp\/v2\/posts"}],"about":[{"href":"https:\/\/www.europesays.com\/ee\/wp-json\/wp\/v2\/types\/post"}],"author":[{"embeddable":true,"href":"https:\/\/www.europesays.com\/ee\/wp-json\/wp\/v2\/users\/2"}],"replies":[{"embeddable":true,"href":"https:\/\/www.europesays.com\/ee\/wp-json\/wp\/v2\/comments?post=265619"}],"version-history":[{"count":0,"href":"https:\/\/www.europesays.com\/ee\/wp-json\/wp\/v2\/posts\/265619\/revisions"}],"wp:featuredmedia":[{"embeddable":true,"href":"https:\/\/www.europesays.com\/ee\/wp-json\/wp\/v2\/media\/265620"}],"wp:attachment":[{"href":"https:\/\/www.europesays.com\/ee\/wp-json\/wp\/v2\/media?parent=265619"}],"wp:term":[{"taxonomy":"category","embeddable":true,"href":"https:\/\/www.europesays.com\/ee\/wp-json\/wp\/v2\/categories?post=265619"},{"taxonomy":"post_tag","embeddable":true,"href":"https:\/\/www.europesays.com\/ee\/wp-json\/wp\/v2\/tags?post=265619"}],"curies":[{"name":"wp","href":"https:\/\/api.w.org\/{rel}","templated":true}]}}