{"id":265651,"date":"2026-09-01T10:46:43","date_gmt":"2026-09-01T10:46:43","guid":{"rendered":"https:\/\/www.europesays.com\/ee\/265651\/"},"modified":"2026-09-01T10:46:43","modified_gmt":"2026-09-01T10:46:43","slug":"politico-prantsusmaa-ja-saksamaa-tegid-ettepaneku-kallase-rolli-tugevdada-valismaa","status":"publish","type":"post","link":"https:\/\/www.europesays.com\/ee\/265651\/","title":{"rendered":"Politico: Prantsusmaa ja Saksamaa tegid ettepaneku Kallase rolli tugevdada | V\u00e4lismaa"},"content":{"rendered":"<p>Prantsusmaa ja Saksamaa esitasid ettepanekud, mille j\u00e4rgi saaks Euroopa Liidu v\u00e4lisasjade k\u00f5rge esindaja Kaja Kallas ulatuslikud volitused, et koordineerida Euroopa Komisjoni v\u00e4lispoliitika \u00fcksusi, sealhulgas r\u00e4nde- ja arenguabi valdkondi, kirjutab Politico.<\/p>\n<p>Euroopa kaks juhtivat riiki veavad eest j\u00f5upingutusi Euroopa v\u00e4listeenistuse (EEAS) ehk EL-i 15-aastase v\u00e4lispoliitika haru p\u00f5hjalikuks reformimiseks. S\u00fcsteemi on vaja \u00fcmber kujundada j\u00f5upoliitika esilekerkimise, tehisintellekti arengu ja eelarvepiirangute p\u00e4rast.<\/p>\n<p>EEAS on j\u00e4\u00e4nud surve alla v\u00f5imuv\u00f5itluses Ursula von der Leyeni juhitud Euroopa Komisjoniga. Prantsusmaa varem sel aastal avaldatud aruteludokument pakkus isegi v\u00e4lja v\u00f5imaluse viia v\u00e4listeenistus t\u00e4ielikult komisjoni alluvusse.<\/p>\n<p>Uue dokumendiga p\u00fc\u00fctakse olukorda stabiliseerida Kallase rolli tugevdamisega. Samas tunnistavad ettepaneku teinud riigid, et tegelik v\u00f5im v\u00e4lispoliitika elluviimisel kuulub suuresti Euroopa Komisjonile.<\/p>\n<p>Kolme diplomaadi s\u00f5nul n\u00e4evad ettepanekud siiski ette ka EEAS-i teatud m\u00e4\u00e4ral n\u00f5rgendamist: osa teenistuse 5000 t\u00f6\u00f6tajast ja funktsioonidest viidaks komisjoni alla.<\/p>\n<p>Prantsusmaa ja Saksamaa dokument on t\u00e4helepanu keskmes EL-i v\u00e4lisministrite teisip\u00e4evasel kohtumisel Iirimaal.\u00a0<\/p>\n<p>K\u00f5ik pole aga plaaniga rahul. &#8220;Suur institutsionaalne muutus ei ole praegu realistlik,&#8221; m\u00e4rkis \u00fcks EL-i diplomaat, kes v\u00e4listas suuremad reformid enne von der Leyeni teise ametiaja l\u00f5ppu 2029. aastal.<\/p>\n<p>&#8220;Olgem ausad&#8230; EL-i v\u00e4lispoliitika toimib ainult siis, kui liikmesriigid seda soovivad,&#8221; s\u00f5nas \u00fcks EL-i ametnik. &#8220;M\u00f5ne meeskonna \u00fcleviimine v\u00e4listeenistusest komisjoni ei lahenda L\u00e4his-Ida kriisi ega peata Venemaa s\u00f5da.&#8221;\u00a0<\/p>\n<p>&#8220;EL-il oleks globaalselt rohkem m\u00f5juv\u00f5imu, kui viiksime oma olemasolevad vahendid \u2013 diplomaatiast kuni viisapoliitika, kaubanduse, abi ja EL-i missioonideni \u2013 Euroopa huvide edendamiseks paremini koosk\u00f5lla. V\u00e4lisasjade k\u00f5rge esindaja suudab t\u00e4nu oma sidemele Euroopa \u00dclemkoguga seda strateegilist suunda pakkuda,&#8221; m\u00e4rkis ametnik.\u00a0<\/p>\n<p>Samal ajal on Kallas saatnud liikmesriikidele l\u00fchikese k\u00fcsimustiku, et uurida nende seisukohti, ning plaanib ametniku s\u00f5nul teha esimesed ettepanekud juba sel n\u00e4dalal.<\/p>\n<p>Viie suunava k\u00fcsimusega soovitakse tagasisidet selle kohta, kuidas saaks EL-ist &#8220;strateegiliselt enesekindlam globaalne v\u00e4lispoliitiline osaleja&#8221;, kuidas saaks EEAS oma 145 delegatsioonist rohkem kasu, kuidas suudaks teenistus t\u00e4ita aluslepingutest tulenevat mandaati, kuidas optimeerida institutsioonilist koost\u00f6\u00f6d komisjoni ja n\u00f5ukoguga ning kuidas panustada t\u00f5husamalt riigijuhtide aruteludesse.<\/p>\n<p>EL-i ametniku s\u00f5nul soovib v\u00e4lisasjade k\u00f5rge esindaja aga enne suuremate sammude astumist oodata kuni tema uus juhtkond, sealhulgas tulevane peasekret\u00e4r Kajsa Ollongren, on ametisse asunud.<\/p>\n","protected":false},"excerpt":{"rendered":"Prantsusmaa ja Saksamaa esitasid ettepanekud, mille j\u00e4rgi saaks Euroopa Liidu v\u00e4lisasjade k\u00f5rge esindaja Kaja Kallas ulatuslikud volitused, et&hellip;\n","protected":false},"author":2,"featured_media":265652,"comment_status":"","ping_status":"","sticky":false,"template":"","format":"standard","meta":{"footnotes":"","_share_on_mastodon":"0"},"categories":[80],"tags":[26,27,37,18890,33,35,34,36,2337,590,18888,31,32,21,1639,28,29,95,19,25,52,51,23,24,22,3943,20,30,92,93,94],"class_list":["post-265651","post","type-post","status-publish","format-standard","has-post-thumbnail","category-maailm","tag-breaking-news","tag-breakingnews","tag-ee","tag-eeas","tag-eesti","tag-eesti-keel","tag-estonia","tag-estonian","tag-euroopa-komisjon","tag-euroopa-liit","tag-euroopa-valisteenistus","tag-featured-news","tag-featurednews","tag-headlines","tag-kaja-kallas","tag-latest-news","tag-latestnews","tag-maailm","tag-news","tag-populaarseimad-lood","tag-prantsusmaa","tag-saksamaa","tag-top-stories","tag-topstories","tag-uldised-uudised","tag-ursula-von-der-leyen","tag-uudised","tag-viimased-uudised","tag-world","tag-world-news","tag-worldnews"],"share_on_mastodon":{"url":"https:\/\/pubeurope.com\/@ee\/117195386588560604","error":""},"_links":{"self":[{"href":"https:\/\/www.europesays.com\/ee\/wp-json\/wp\/v2\/posts\/265651","targetHints":{"allow":["GET"]}}],"collection":[{"href":"https:\/\/www.europesays.com\/ee\/wp-json\/wp\/v2\/posts"}],"about":[{"href":"https:\/\/www.europesays.com\/ee\/wp-json\/wp\/v2\/types\/post"}],"author":[{"embeddable":true,"href":"https:\/\/www.europesays.com\/ee\/wp-json\/wp\/v2\/users\/2"}],"replies":[{"embeddable":true,"href":"https:\/\/www.europesays.com\/ee\/wp-json\/wp\/v2\/comments?post=265651"}],"version-history":[{"count":0,"href":"https:\/\/www.europesays.com\/ee\/wp-json\/wp\/v2\/posts\/265651\/revisions"}],"wp:featuredmedia":[{"embeddable":true,"href":"https:\/\/www.europesays.com\/ee\/wp-json\/wp\/v2\/media\/265652"}],"wp:attachment":[{"href":"https:\/\/www.europesays.com\/ee\/wp-json\/wp\/v2\/media?parent=265651"}],"wp:term":[{"taxonomy":"category","embeddable":true,"href":"https:\/\/www.europesays.com\/ee\/wp-json\/wp\/v2\/categories?post=265651"},{"taxonomy":"post_tag","embeddable":true,"href":"https:\/\/www.europesays.com\/ee\/wp-json\/wp\/v2\/tags?post=265651"}],"curies":[{"name":"wp","href":"https:\/\/api.w.org\/{rel}","templated":true}]}}