{"id":265671,"date":"2026-09-01T11:07:11","date_gmt":"2026-09-01T11:07:11","guid":{"rendered":"https:\/\/www.europesays.com\/ee\/265671\/"},"modified":"2026-09-01T11:07:11","modified_gmt":"2026-09-01T11:07:11","slug":"euroala-inflatsioon-poordus-suve-lopus-taas-kasvule-hinnahuppe-esirinnas-on-pensioniraha-tuulutavad-leedukad","status":"publish","type":"post","link":"https:\/\/www.europesays.com\/ee\/265671\/","title":{"rendered":"Euroala inflatsioon p\u00f6\u00f6rdus suve l\u00f5pus taas kasvule, hinnah\u00fcppe esirinnas on pensioniraha tuulutavad leedukad"},"content":{"rendered":"<p>Veel juulis seisis see n\u00e4itaja 2,9 protsendi juures, mis andis lootust hindade peatsele stabiliseerumisele. V\u00e4rske p\u00f6\u00f6re on aga valmistanud pettumuse ning t\u00f5statanud uusi k\u00fcsimusi Euroopa majanduse taastumise ja eesootava rahapoliitika osas.<\/p>\n<p>Erinevalt varasemast perioodist, kus peamiseks hinnakasvu veduriks oli teenustesektor ja visa palgakasv, on praeguse inflatsioonikiirenduse taga eelk\u00f5ige muutused energiaturul. L\u00e4his-Idas uuesti lahvatanud geopoliitilised pinged on viinud toornafta hinna maailmaturul taas t\u00f5usule, mis kandub varjatud kiirusega \u00fcle ka Euroopa k\u00fctuse- ja energiahindadesse. <\/p>\n<p>Rahvusvahelised majandusv\u00e4ljaanded, nagu Bloomberg ja Financial Times, m\u00e4rgivad oma v\u00e4rsketes anal\u00fc\u00fcsides, et Euroopa on silmitsi potentsiaalse uue energia\u0161okiga. V\u00e4lismaiste anal\u00fc\u00fctikute hinnangul p\u00fcsib baasinflatsioon, kust on volatiilsed energia- ja toiduhinnad v\u00e4lja arvatud, k\u00fcll m\u00f5nev\u00f5rra rahulikumana, ent tooraineturgude ettearvamatus ei luba keskpankuritel valvsust kaotada.<\/p>\n<p>Regionaalsed erip\u00e4rad<\/p>\n<p>Euroala siseselt on inflatsioonim\u00e4\u00e4rade erinevused k\u00e4risenud m\u00e4rkimisv\u00e4\u00e4rselt laiaks, tuues esile regionaalsed haavatavused. Selles pildis joonistub eriti valusalt v\u00e4lja <a rel=\"noopener nofollow\" target=\"_blank\" href=\"https:\/\/www.delfi.ee\/teema\/28034759\/leedu\" tag-id=\"28034759\">Leedu<\/a>, mis on kerkinud euroala vaieldamatuks inflatsiooniliidriks. Eurostati kiirhinnangu kohaselt ulatus Leedu aastane hinnat\u00f5us augustis lausa 5,8 protsendini. <\/p>\n<p>Reutersi ja teiste rahvusvaheliste uudisteagentuuride majandusvaatlejad selgitavad sellist \u00e4\u00e4rmust Balti riikide majanduse erip\u00e4radega. V\u00e4ikestes ja avatud majandustes, kus energial on tarbijakorvis suhteliselt suur osakaal, kanduvad globaalsed hinnak\u00f5ikumised poelettidele ja teenuste arvetele oluliselt teravamalt kui suurtes L\u00e4\u00e4ne-Euroopa riikides. T\u00f5si, Leedut m\u00f5jutab t\u00e4naseni ka pensionireform.<\/p>\n<p>Kujunenud olukord seab Euroopa Keskpanga (EKP) \u00e4\u00e4rmiselt keerulise valiku ette. Kuna inflatsioon on taas eemaldumas keskpanga 2-protsendisest sihttasemest, jahutab see oluliselt finantsturgude varasemaid lootusi j\u00f5ulisele intressilangetuste ts\u00fcklile. <\/p>\n<p>Majanduslehe The Wall Street Journal ekspertide s\u00f5nul peab keskpank septembrikuu istungil t\u00f5siselt kaaluma, kas Euroopa kidura majanduskasvu turgutamine kaalub \u00fcles uue hinnat\u00f5ususpiraali riski. Kodulaenuv\u00f5tjatele ja ettev\u00f5tetele t\u00e4hendab see aga karmi reaalsusega silmitsi seismist: oodatud Euribori kiire langus l\u00fckkub t\u00f5en\u00e4oliselt edasi, sundides paljusid majapidamisi oma s\u00fcgisesi eelarveid senisest m\u00e4rksa konservatiivsemalt planeerima.<\/p>\n<p>Kuidas see lugu Sind end tundma pani?Saada<a href=\"https:\/\/arileht.delfi.ee\/artikkel\/120607582\/euroala-inflatsioon-poordus-suve-lopus-taas-kasvule-hinnahuppe-esirinnas-on-pensioniraha-tuulutavad-leedukad\/kommentaarid\" class=\"button button--primary button--size-auto article-body-bottom__comment article-body-bottom__comment--write\" style=\"\" rel=\"nofollow noopener\" target=\"_blank\">Kommenteeri<\/a><a href=\"https:\/\/arileht.delfi.ee\/artikkel\/120607582\/euroala-inflatsioon-poordus-suve-lopus-taas-kasvule-hinnahuppe-esirinnas-on-pensioniraha-tuulutavad-leedukad\/kommentaarid\" class=\"button button--size-auto article-body-bottom__comment article-body-bottom__comment--read\" style=\"\" rel=\"nofollow noopener\" target=\"_blank\">Loe kommentaare (4)<\/a><\/p>\n","protected":false},"excerpt":{"rendered":"Veel juulis seisis see n\u00e4itaja 2,9 protsendi juures, mis andis lootust hindade peatsele stabiliseerumisele. V\u00e4rske p\u00f6\u00f6re on aga&hellip;\n","protected":false},"author":2,"featured_media":265672,"comment_status":"","ping_status":"","sticky":false,"template":"","format":"standard","meta":{"footnotes":"","_share_on_mastodon":"0"},"categories":[14],"tags":[131,130,37,33,35,34,36,60373,2412,3364,115],"class_list":["post-265671","post","type-post","status-publish","format-standard","has-post-thumbnail","category-ari","tag-ari","tag-business","tag-ee","tag-eesti","tag-eesti-keel","tag-estonia","tag-estonian","tag-euroala-inflatsioon","tag-euroopa-keskpank","tag-eurostat","tag-leedu"],"share_on_mastodon":{"url":"https:\/\/pubeurope.com\/@ee\/117195469412313129","error":""},"_links":{"self":[{"href":"https:\/\/www.europesays.com\/ee\/wp-json\/wp\/v2\/posts\/265671","targetHints":{"allow":["GET"]}}],"collection":[{"href":"https:\/\/www.europesays.com\/ee\/wp-json\/wp\/v2\/posts"}],"about":[{"href":"https:\/\/www.europesays.com\/ee\/wp-json\/wp\/v2\/types\/post"}],"author":[{"embeddable":true,"href":"https:\/\/www.europesays.com\/ee\/wp-json\/wp\/v2\/users\/2"}],"replies":[{"embeddable":true,"href":"https:\/\/www.europesays.com\/ee\/wp-json\/wp\/v2\/comments?post=265671"}],"version-history":[{"count":0,"href":"https:\/\/www.europesays.com\/ee\/wp-json\/wp\/v2\/posts\/265671\/revisions"}],"wp:featuredmedia":[{"embeddable":true,"href":"https:\/\/www.europesays.com\/ee\/wp-json\/wp\/v2\/media\/265672"}],"wp:attachment":[{"href":"https:\/\/www.europesays.com\/ee\/wp-json\/wp\/v2\/media?parent=265671"}],"wp:term":[{"taxonomy":"category","embeddable":true,"href":"https:\/\/www.europesays.com\/ee\/wp-json\/wp\/v2\/categories?post=265671"},{"taxonomy":"post_tag","embeddable":true,"href":"https:\/\/www.europesays.com\/ee\/wp-json\/wp\/v2\/tags?post=265671"}],"curies":[{"name":"wp","href":"https:\/\/api.w.org\/{rel}","templated":true}]}}