{"id":265673,"date":"2026-09-01T11:08:08","date_gmt":"2026-09-01T11:08:08","guid":{"rendered":"https:\/\/www.europesays.com\/ee\/265673\/"},"modified":"2026-09-01T11:08:08","modified_gmt":"2026-09-01T11:08:08","slug":"soome-osaleb-groonimaal-taani-juhitud-sojalisel-oppusel-valismaa","status":"publish","type":"post","link":"https:\/\/www.europesays.com\/ee\/265673\/","title":{"rendered":"Soome osaleb Gr\u00f6\u00f6nimaal Taani juhitud s\u00f5jalisel \u00f5ppusel | V\u00e4lismaa"},"content":{"rendered":"<p>Soome saadab oma s\u00f5jav\u00e4elased Gr\u00f6\u00f6nimaale, kus nad osalevad Taani juhitud \u00f5ppusel &#8220;Arctic Endurance&#8221;.<\/p>\n<p>Soome merev\u00e4est osaleb \u00f5ppusel kolm kaitsev\u00e4elast. Nad l\u00e4hevad Taani merev\u00e4e alustele, mis hakkavad tegutsema Gr\u00f6\u00f6nimaa ja F\u00e4\u00e4ri saarte \u00fcmbruses.\u00a0<\/p>\n<p>Utti j\u00e4\u00e4grir\u00fcgemendi eri\u00fcksuslased harjutavad\u00a0 koost\u00f6\u00f6d liitlastega Arktika tingimustes.<\/p>\n<p>\u00d5ppusel osalevad lisaks Soomele ka mitmed teised Euroopa riigid, sealhulgas Prantsusmaa, Saksamaa, Rootsi ja Norra.<\/p>\n<p>Soome alustas ettevalmistusi juba jaanuaris, kui kaks sideohvitseri k\u00e4isid Gr\u00f6\u00f6nimaal kohalike oludega tutvumas.<\/p>\n<p>\u00d5ppus on tekitanud pingeid USA ja Taani vahel, sest \u00dchendriikide president Donald Trump on v\u00e4ljendanud huvi Gr\u00f6\u00f6nimaa vastu. Samal ajal j\u00e4tkavad USA, Taani ja Gr\u00f6\u00f6nimaa l\u00e4bir\u00e4\u00e4kimisi Gr\u00f6\u00f6nimaa julgeoleku ja tuleviku \u00fcle.<\/p>\n","protected":false},"excerpt":{"rendered":"Soome saadab oma s\u00f5jav\u00e4elased Gr\u00f6\u00f6nimaale, kus nad osalevad Taani juhitud \u00f5ppusel &#8220;Arctic Endurance&#8221;. Soome merev\u00e4est osaleb \u00f5ppusel kolm&hellip;\n","protected":false},"author":2,"featured_media":265674,"comment_status":"","ping_status":"","sticky":false,"template":"","format":"standard","meta":{"footnotes":"","_share_on_mastodon":"0"},"categories":[80],"tags":[26,27,37,33,35,34,36,112,31,32,2409,21,28,29,95,19,25,113,264,23,24,22,325,20,30,92,93,94],"class_list":["post-265673","post","type-post","status-publish","format-standard","has-post-thumbnail","category-maailm","tag-breaking-news","tag-breakingnews","tag-ee","tag-eesti","tag-eesti-keel","tag-estonia","tag-estonian","tag-euroopa","tag-featured-news","tag-featurednews","tag-groonimaa","tag-headlines","tag-latest-news","tag-latestnews","tag-maailm","tag-news","tag-populaarseimad-lood","tag-soome","tag-taani","tag-top-stories","tag-topstories","tag-uldised-uudised","tag-usa","tag-uudised","tag-viimased-uudised","tag-world","tag-world-news","tag-worldnews"],"share_on_mastodon":{"url":"https:\/\/pubeurope.com\/@ee\/117195473473012502","error":""},"_links":{"self":[{"href":"https:\/\/www.europesays.com\/ee\/wp-json\/wp\/v2\/posts\/265673","targetHints":{"allow":["GET"]}}],"collection":[{"href":"https:\/\/www.europesays.com\/ee\/wp-json\/wp\/v2\/posts"}],"about":[{"href":"https:\/\/www.europesays.com\/ee\/wp-json\/wp\/v2\/types\/post"}],"author":[{"embeddable":true,"href":"https:\/\/www.europesays.com\/ee\/wp-json\/wp\/v2\/users\/2"}],"replies":[{"embeddable":true,"href":"https:\/\/www.europesays.com\/ee\/wp-json\/wp\/v2\/comments?post=265673"}],"version-history":[{"count":0,"href":"https:\/\/www.europesays.com\/ee\/wp-json\/wp\/v2\/posts\/265673\/revisions"}],"wp:featuredmedia":[{"embeddable":true,"href":"https:\/\/www.europesays.com\/ee\/wp-json\/wp\/v2\/media\/265674"}],"wp:attachment":[{"href":"https:\/\/www.europesays.com\/ee\/wp-json\/wp\/v2\/media?parent=265673"}],"wp:term":[{"taxonomy":"category","embeddable":true,"href":"https:\/\/www.europesays.com\/ee\/wp-json\/wp\/v2\/categories?post=265673"},{"taxonomy":"post_tag","embeddable":true,"href":"https:\/\/www.europesays.com\/ee\/wp-json\/wp\/v2\/tags?post=265673"}],"curies":[{"name":"wp","href":"https:\/\/api.w.org\/{rel}","templated":true}]}}