{"id":265675,"date":"2026-09-01T11:09:08","date_gmt":"2026-09-01T11:09:08","guid":{"rendered":"https:\/\/www.europesays.com\/ee\/265675\/"},"modified":"2026-09-01T11:09:08","modified_gmt":"2026-09-01T11:09:08","slug":"uhismeedias-leviva-video-jargi-tugevdab-venemaa-narva-joe-kallast-ppa-soovitame-videosse-kriitiliselt-suhtuda-2","status":"publish","type":"post","link":"https:\/\/www.europesays.com\/ee\/265675\/","title":{"rendered":"\u00dchismeedias leviva video j\u00e4rgi tugevdab Venemaa Narva j\u00f5e kallast. PPA: soovitame videosse kriitiliselt suhtuda"},"content":{"rendered":"<p>Video j\u00e4rgi toimub tegevus <a rel=\"noopener nofollow\" target=\"_blank\" href=\"https:\/\/www.delfi.ee\/teema\/66935200\/vasknarva-0\" tag-id=\"66935200\">Vasknarva<\/a> kandis, kuid pole selge, kas selle on loonud tehisaru v\u00f5i mitte. <\/p>\n<p>Vasknarva kohalik elanik<a rel=\"noopener follow nofollow\" target=\"_blank\" href=\"https:\/\/www.err.ee\/1610125012\/internetis-leviva-video-jargi-tugevdab-venemaa-narva-joe-kallast\" data-rel-date-range=\"[]\"> kinnitas t\u00e4na ERR-ile<\/a>, et on kuulnud mitu p\u00e4eva teiselt poolt piiri tulevat m\u00fcra, kuid tal puudub visuaalne kinnitus, mis teisel pool j\u00f5ge t\u00e4psemalt toimub.<\/p>\n<p>Politsei- ja piirivalveameti peadirektori aset\u00e4itja piirivalve alal <a rel=\"noopener nofollow\" target=\"_blank\" href=\"https:\/\/www.delfi.ee\/teema\/93339189\/veiko-kommusaar\" tag-id=\"93339189\">Veiko Kommusaar<\/a> s\u00f5nas Deflile, et ei saa kommenteerida teisel pool riigipiiri toimuvat tegevust ega teise riigi ametiasutuste tegevusi. \u201eK\u00fcll aga j\u00e4lgime pidevalt Eesti julgeoleku- ja piiriohutusega seotud arenguid ning teeme koost\u00f6\u00f6d teiste julgeolekuasutustega, et omada olukorrast terviklikku \u00fclevaadet,\u201c lausus ta.<\/p>\n<p>\u201eSotsiaalmeedias leviva info suhtes soovitame alati s\u00e4ilitada kriitiline meel,\u201c nentis Kommusaar. \u201eEriti oluline on ettevaatlikkus sellise sisu puhul, mis on emotsionaalne, provokatiivne v\u00f5i mille eesm\u00e4rk v\u00f5ib olla inimestes hirmu, \u00e4revuse v\u00f5i ebakindluse tekitamine.\u201c <\/p>\n<p>\u201eEnne j\u00e4relduste tegemist tasub kontrollida info p\u00e4ritolu, otsida kinnitust usaldusv\u00e4\u00e4rsetest meediakanalitest ning j\u00e4lgida ametiasutuste ametlikku teavet,\u201c \u00fctles Kommusaar.<\/p>\n<p>Kommusaar m\u00e4rkis, et PPA j\u00e4lgib meie idapiiril toimuvat pidevalt. \u201eOleme kursis piiri\u00e4\u00e4rsete arengutega ning hindame jooksvalt nende v\u00f5imalikku m\u00f5ju Eesti julgeolekule ja piiriohutusele,\u201c selgitas ta. \u201eKui ilmneb teave v\u00f5i tegevus, mis vajab Eesti elanike teavitamist v\u00f5i t\u00e4iendavaid meetmeid, anname sellest avalikkusele teada ametlike kanalite kaudu.\u201c<\/p>\n<p>Kuidas see lugu Sind end tundma pani?Saada<a href=\"https:\/\/www.delfi.ee\/artikkel\/120607580\/uhismeedias-leviva-video-jargi-tugevdab-venemaa-narva-joe-kallast-ppa-soovitame-videosse-kriitiliselt-suhtuda\/kommentaarid\" class=\"button button--primary button--size-auto article-body-bottom__comment article-body-bottom__comment--write\" style=\"\" rel=\"nofollow noopener\" target=\"_blank\">Kommenteeri<\/a><a href=\"https:\/\/www.delfi.ee\/artikkel\/120607580\/uhismeedias-leviva-video-jargi-tugevdab-venemaa-narva-joe-kallast-ppa-soovitame-videosse-kriitiliselt-suhtuda\/kommentaarid\" class=\"button button--size-auto article-body-bottom__comment article-body-bottom__comment--read\" style=\"\" rel=\"nofollow noopener\" target=\"_blank\">Loe kommentaare (16)<\/a><\/p>\n","protected":false},"excerpt":{"rendered":"Video j\u00e4rgi toimub tegevus Vasknarva kandis, kuid pole selge, kas selle on loonud tehisaru v\u00f5i mitte. Vasknarva kohalik&hellip;\n","protected":false},"author":2,"featured_media":265676,"comment_status":"","ping_status":"","sticky":false,"template":"","format":"standard","meta":{"footnotes":"","_share_on_mastodon":"0"},"categories":[12],"tags":[26,27,37,33,35,34,36,31,32,21,28,29,10389,19,2920,25,23,24,22,20,12906,12202,30],"class_list":["post-265675","post","type-post","status-publish","format-standard","has-post-thumbnail","category-eesti","tag-breaking-news","tag-breakingnews","tag-ee","tag-eesti","tag-eesti-keel","tag-estonia","tag-estonian","tag-featured-news","tag-featurednews","tag-headlines","tag-latest-news","tag-latestnews","tag-narva-jogi","tag-news","tag-politsei-ja-piirivalveamet","tag-populaarseimad-lood","tag-top-stories","tag-topstories","tag-uldised-uudised","tag-uudised","tag-vasknarva","tag-veiko-kommusaar","tag-viimased-uudised"],"share_on_mastodon":{"url":"https:\/\/pubeurope.com\/@ee\/117195477297439381","error":""},"_links":{"self":[{"href":"https:\/\/www.europesays.com\/ee\/wp-json\/wp\/v2\/posts\/265675","targetHints":{"allow":["GET"]}}],"collection":[{"href":"https:\/\/www.europesays.com\/ee\/wp-json\/wp\/v2\/posts"}],"about":[{"href":"https:\/\/www.europesays.com\/ee\/wp-json\/wp\/v2\/types\/post"}],"author":[{"embeddable":true,"href":"https:\/\/www.europesays.com\/ee\/wp-json\/wp\/v2\/users\/2"}],"replies":[{"embeddable":true,"href":"https:\/\/www.europesays.com\/ee\/wp-json\/wp\/v2\/comments?post=265675"}],"version-history":[{"count":0,"href":"https:\/\/www.europesays.com\/ee\/wp-json\/wp\/v2\/posts\/265675\/revisions"}],"wp:featuredmedia":[{"embeddable":true,"href":"https:\/\/www.europesays.com\/ee\/wp-json\/wp\/v2\/media\/265676"}],"wp:attachment":[{"href":"https:\/\/www.europesays.com\/ee\/wp-json\/wp\/v2\/media?parent=265675"}],"wp:term":[{"taxonomy":"category","embeddable":true,"href":"https:\/\/www.europesays.com\/ee\/wp-json\/wp\/v2\/categories?post=265675"},{"taxonomy":"post_tag","embeddable":true,"href":"https:\/\/www.europesays.com\/ee\/wp-json\/wp\/v2\/tags?post=265675"}],"curies":[{"name":"wp","href":"https:\/\/api.w.org\/{rel}","templated":true}]}}