{"id":265679,"date":"2026-09-01T11:16:09","date_gmt":"2026-09-01T11:16:09","guid":{"rendered":"https:\/\/www.europesays.com\/ee\/265679\/"},"modified":"2026-09-01T11:16:09","modified_gmt":"2026-09-01T11:16:09","slug":"pardi-paevade-avakontserdil-kolab-tonu-kaljuste-juhtimisel-pardi-ja-bachi-looming-muusika","status":"publish","type":"post","link":"https:\/\/www.europesays.com\/ee\/265679\/","title":{"rendered":"P\u00e4rdi p\u00e4evade avakontserdil k\u00f5lab T\u00f5nu Kaljuste juhtimisel P\u00e4rdi ja Bachi looming | Muusika"},"content":{"rendered":"<p>2. septembril algavad P\u00e4rdi p\u00e4evad, mis toovad helilooja muusika Tallinnasse, Tartusse, Narva, Paidesse, Rakverre ja teistesse linnadesse \u00fcle Eesti.<\/p>\n<p>2010. aastal P\u00e4rdi pidun\u00e4dalatest alguse saanud P\u00e4rdi p\u00e4evad panevad igal aastal Nargenfestivali hooajale v\u00e4\u00e4rika punkti. 2.\u201311. septembrini toimuvatel kontsertidel \u00fcle Eesti keskendutakse Arvo P\u00e4rdi loomingu eri tahkudele, k\u00f5rvutatakse seda eri ajastute muusikaga ja luuakse dialooge teiste heliloojatega.<\/p>\n<p>Kuulata saab Arvo P\u00e4rdiga tihedalt koost\u00f6\u00f6d teinud muusikuid ja kollektiive nii Eestist kui ka v\u00e4lismaalt.<\/p>\n<p>&#8220;Aastatega on paljude P\u00e4rdi teoste ettekanded saanud osaks meie \u00fchisest kuulmism\u00e4lust, sageli t\u00e4nu silmapaistvatele salvestistele. P\u00e4rdi p\u00e4evade eesm\u00e4rk on hoida seda p\u00e4randit elavana, otsides samal ajal uusi k\u00f5lav\u00e4rve, t\u00f5lgendusviise ja kuulamiskogemusi,&#8221; \u00fctles festivali kunstiline juht T\u00f5nu Kaljuste.<\/p>\n<p>Nargenfestivali P\u00e4rdi p\u00e4evade avakontserdil Tallinnas astuvad \u00fcles Eesti Filharmoonia Kammerkoor koos v\u00e4ljapaistva Cambridge&#8217;is tegutseva Briti orkestriga Academy of Ancient Music. \u00dcle 50 aasta tegutsenud ning 18. ja 19. sajandi muusika ajastu instrumentidel esitamiseks loodud orkester on v\u00f5tnud suuna tellida ka n\u00fc\u00fcdisheliloojatelt uusi teoseid ning kaasaja repertuaari esitamine ja salvestamine pole neile v\u00f5\u00f5ras.<\/p>\n<p>Nimeka klavessinisti Christopher Hogwoodi asutatud orkestri peadirigent ja kunstiline juht on praegu samuti k\u00f5rgelt hinnatud klavessinist, organist ja dirigent Laurence Cummings.<\/p>\n<p>T\u00f5nu Kaljuste juhatusel tulevad esitusele Johann Sebastian Bachi sajandeid kestnud looming k\u00f5rvuti n\u00fc\u00fcdisaja meistri Arvo P\u00e4rdi muusikaga.<\/p>\n<p>Kontserte annavad veel Tallinna Kammerorkester,\u00a0Eesti Riiklik S\u00fcmfooniaorkester,\u00a0Hortus Musicus,\u00a0Vox Clamantis,\u00a0Trio\u00b495,\u00a0Hans Christian Aavik\u00a0(viiul),\u00a0Momir Novakovic\u00a0(akordion),\u00a0Aule Urb\u00a0(metsosopran),\u00a0Maria Listra\u00a0(sopran) ning dirigendid\u00a0T\u00f5nu Kaljuste,\u00a0Jaan-Eik Tulve,\u00a0Andres Mustonen\u00a0ja\u00a0Kaspar M\u00e4nd.<\/p>\n<p>Tallinna kontsertide otse\u00fclekandeid saab kuulata <a href=\"https:\/\/klassikaraadio.err.ee\/1610122468\/pardi-paevad-2026-jouavad-klassikaraadio-eetrisse\" target=\"_blank\" rel=\"noopener nofollow\">Klassikaraadiost<\/a>.<\/p>\n<p>11. septembril 91. s\u00fcnnip\u00e4eva t\u00e4histavad Arvo P\u00e4rdi s\u00fcnnip\u00e4evakuu raames toimuvad Ukuaru muusikamajas Toomas Siitani loeng &#8220;Arvo P\u00e4rt: muusika vaikusest&#8221; ja kontsert &#8220;P\u00e4rt &amp; Mustonen&#8221;. Arvo P\u00e4rdi keskuses Laulasmaal toimuvad 25. kuni 27. septembrini ka filmi\u00f5htud &#8220;P\u00e4rt &amp; Film&#8221;.<\/p>\n","protected":false},"excerpt":{"rendered":"2. septembril algavad P\u00e4rdi p\u00e4evad, mis toovad helilooja muusika Tallinnasse, Tartusse, Narva, Paidesse, Rakverre ja teistesse linnadesse \u00fcle&hellip;\n","protected":false},"author":2,"featured_media":265680,"comment_status":"","ping_status":"","sticky":false,"template":"","format":"standard","meta":{"footnotes":"","_share_on_mastodon":"0"},"categories":[16],"tags":[4513,103109,37,33,35,173,34,36,67901,140,100981],"class_list":["post-265679","post","type-post","status-publish","format-standard","has-post-thumbnail","category-meelelahutus","tag-arvo-part","tag-bach","tag-ee","tag-eesti","tag-eesti-keel","tag-entertainment","tag-estonia","tag-estonian","tag-johann-sebastian-bach","tag-meelelahutus","tag-pardi-paevad"],"share_on_mastodon":{"url":"https:\/\/pubeurope.com\/@ee\/117195504588139521","error":""},"_links":{"self":[{"href":"https:\/\/www.europesays.com\/ee\/wp-json\/wp\/v2\/posts\/265679","targetHints":{"allow":["GET"]}}],"collection":[{"href":"https:\/\/www.europesays.com\/ee\/wp-json\/wp\/v2\/posts"}],"about":[{"href":"https:\/\/www.europesays.com\/ee\/wp-json\/wp\/v2\/types\/post"}],"author":[{"embeddable":true,"href":"https:\/\/www.europesays.com\/ee\/wp-json\/wp\/v2\/users\/2"}],"replies":[{"embeddable":true,"href":"https:\/\/www.europesays.com\/ee\/wp-json\/wp\/v2\/comments?post=265679"}],"version-history":[{"count":0,"href":"https:\/\/www.europesays.com\/ee\/wp-json\/wp\/v2\/posts\/265679\/revisions"}],"wp:featuredmedia":[{"embeddable":true,"href":"https:\/\/www.europesays.com\/ee\/wp-json\/wp\/v2\/media\/265680"}],"wp:attachment":[{"href":"https:\/\/www.europesays.com\/ee\/wp-json\/wp\/v2\/media?parent=265679"}],"wp:term":[{"taxonomy":"category","embeddable":true,"href":"https:\/\/www.europesays.com\/ee\/wp-json\/wp\/v2\/categories?post=265679"},{"taxonomy":"post_tag","embeddable":true,"href":"https:\/\/www.europesays.com\/ee\/wp-json\/wp\/v2\/tags?post=265679"}],"curies":[{"name":"wp","href":"https:\/\/api.w.org\/{rel}","templated":true}]}}