{"id":265685,"date":"2026-09-01T11:19:11","date_gmt":"2026-09-01T11:19:11","guid":{"rendered":"https:\/\/www.europesays.com\/ee\/265685\/"},"modified":"2026-09-01T11:19:11","modified_gmt":"2026-09-01T11:19:11","slug":"saksamaa-teatab-tana-ametlikult-et-suudistab-leipzigi-lennuvalja-pommirunnakukatses-venemaad","status":"publish","type":"post","link":"https:\/\/www.europesays.com\/ee\/265685\/","title":{"rendered":"Saksamaa teatab t\u00e4na ametlikult, et s\u00fc\u00fcdistab Leipzigi lennuv\u00e4lja pommir\u00fcnnakukatses Venemaad"},"content":{"rendered":"<p>Ajakirja Der Spiegel andmetel on juurdluse k\u00e4igus leitud nii palju t\u00f5endeid r\u00fcnnakuga seotud \u00fche v\u00f5i rohkemate isikute kohta, et Saksamaa valitsus kavatseb t\u00e4na need detailid avalikustada ja s\u00fc\u00fcdistada r\u00fcnnakukatses Venemaa salateenistust.<\/p>\n<p>Millisest Vene salateenistusest jutt k\u00e4ib ja mida Saksa valitsus edasi teha kavatseb, ei ole esialgu teada. Der Spiegeli teatel on Saksa valitsuses viimastel p\u00e4evadel toimunud intensiivsed arutelud meetmete paketi \u00fcle vastuseks sellele r\u00fcnnakukatsele.<\/p>\n<p>Teadete kohaselt on plaanis Vene diplomaatide v\u00e4ljasaatmine ja arutatud on Venemaa viimase Saksamaal asuva peakonsulaadi sulgemist <a rel=\"noopener nofollow\" target=\"_blank\" href=\"https:\/\/www.delfi.ee\/teema\/96945047\/bonn\" tag-id=\"96945047\">Bonnis<\/a>. <a rel=\"noopener nofollow\" target=\"_blank\" href=\"https:\/\/www.delfi.ee\/teema\/24581263\/nato\" tag-id=\"24581263\">NATO<\/a> kaasamist n\u00e4iteks 4. artikli alusel konsultatsioonide algatamisega Saksamaa Der Spiegeli andmetel ei kavatse.<\/p>\n<p>Der Spiegeli teatel teavitavad Saksamaa juurdluse tulemustest t\u00e4na hilisel p\u00e4rastl\u00f5unal v\u00e4lisminister <a rel=\"noopener nofollow\" target=\"_blank\" href=\"https:\/\/www.delfi.ee\/teema\/96869039\/johann-wadephul\" tag-id=\"96869039\">Johann Wadephul<\/a> ja siseminister Alexander Dobrindt. Liidukantsler <a rel=\"noopener nofollow\" target=\"_blank\" href=\"https:\/\/www.delfi.ee\/teema\/95433251\/friedrich-merz\" tag-id=\"95433251\">Friedrich Merz<\/a> Der Spiegeli andmetel esialgu asja avalikult ei kommenteeri.<\/p>\n<p>Saksamaa liiduvalitsus ei v\u00f5ta Venemaa otsest s\u00fc\u00fcdistamist r\u00fcnnakukatses Saksamaa lennuv\u00e4ljal kergek\u00e4eliselt, kirjutab Der Spiegel. N\u00fc\u00fcd ollakse aga kindlad, et Venemaa salateenistuse osalemist selles suudetakse t\u00f5estada. Et Leipzigi lennuv\u00e4li ei ole ainult n\u00e4iteks <a rel=\"noopener nofollow\" target=\"_blank\" href=\"https:\/\/www.delfi.ee\/teema\/64841052\/dhl\" tag-id=\"64841052\">DHL<\/a>-i logistikas\u00f5lmpunkt, vaid selle kaudu liigub pidevalt ka <a rel=\"noopener nofollow\" target=\"_blank\" href=\"https:\/\/www.delfi.ee\/teema\/64521436\/bundeswehr\" tag-id=\"64521436\">Bundeswehri<\/a> s\u00f5jaline transport ja see on oluline ka NATO jaoks, peetakse r\u00fcnnakut v\u00e4ga t\u00f5siseks.<\/p>\n<p>V\u00e4lisminister Wadephul \u00fctles t\u00e4na hommikul, et Saksa liiduvalitsuse reaktsioon on kaalutletud ja l\u00e4bim\u00f5eldud. \u201eMeie poolt ei ole mingit \u00fclereageerimist, vaid reageerimine, kui meid r\u00fcnnatakse,\u201c \u00fctles Wadephul Al\u017eiiris, vastates k\u00fcsimusele, kas Saksamaa peaks kartma Venemaa valitseja <a rel=\"noopener nofollow\" target=\"_blank\" href=\"https:\/\/www.delfi.ee\/teema\/23342331\/vladimir-putin\" tag-id=\"23342331\">Vladimir Putini<\/a> vastureaktsioone.<\/p>\n<p>\u00d6\u00f6l vastu 5. augustit leiti Leipzig\/Halle lennuv\u00e4lja julgeolekualalt <a rel=\"noopener nofollow\" target=\"_blank\" href=\"https:\/\/www.delfi.ee\/teema\/25048531\/ukraina\" tag-id=\"25048531\">Ukraina<\/a> transpordilennukite An-124 vahelt l\u00f5hkeainega droon. Uurijad usuvad, et droon lendas \u00fche lennuki pihta. Drooni osa leiti hiljem lennuki tiivalt, mis sisaldab k\u00fctusepaake. Droon ise leiti maast. S\u00fctik mingil p\u00f5hjusel ei t\u00f6\u00f6tanud ja plahvatust ei toimunud.<\/p>\n<p>Kuidas see lugu Sind end tundma pani?Saada<a href=\"https:\/\/www.delfi.ee\/artikkel\/120607585\/saksamaa-teatab-tana-ametlikult-et-suudistab-leipzigi-lennuvalja-pommirunnakukatses-venemaad\/kommentaarid\" class=\"button button--primary button--size-auto article-body-bottom__comment article-body-bottom__comment--write\" style=\"\" rel=\"nofollow noopener\" target=\"_blank\">Kommenteeri<\/a><a href=\"https:\/\/www.delfi.ee\/artikkel\/120607585\/saksamaa-teatab-tana-ametlikult-et-suudistab-leipzigi-lennuvalja-pommirunnakukatses-venemaad\/kommentaarid\" class=\"button button--size-auto article-body-bottom__comment article-body-bottom__comment--read\" style=\"\" rel=\"nofollow noopener\" target=\"_blank\">Loe kommentaare (13)<\/a><\/p>\n","protected":false},"excerpt":{"rendered":"Ajakirja Der Spiegel andmetel on juurdluse k\u00e4igus leitud nii palju t\u00f5endeid r\u00fcnnakuga seotud \u00fche v\u00f5i rohkemate isikute kohta,&hellip;\n","protected":false},"author":2,"featured_media":265686,"comment_status":"","ping_status":"","sticky":false,"template":"","format":"standard","meta":{"footnotes":"","_share_on_mastodon":"0"},"categories":[80],"tags":[97849,26,27,7824,22678,37,33,35,34,36,31,32,1142,21,36389,28,29,1160,95,54,19,25,51,23,24,262,22,20,96,30,661,92,93,94],"class_list":["post-265685","post","type-post","status-publish","format-standard","has-post-thumbnail","category-maailm","tag-bonn","tag-breaking-news","tag-breakingnews","tag-bundeswehr","tag-dhl","tag-ee","tag-eesti","tag-eesti-keel","tag-estonia","tag-estonian","tag-featured-news","tag-featurednews","tag-friedrich-merz","tag-headlines","tag-johann-wadephul","tag-latest-news","tag-latestnews","tag-leipzig","tag-maailm","tag-nato","tag-news","tag-populaarseimad-lood","tag-saksamaa","tag-top-stories","tag-topstories","tag-ukraina","tag-uldised-uudised","tag-uudised","tag-venemaa","tag-viimased-uudised","tag-vladimir-putin","tag-world","tag-world-news","tag-worldnews"],"share_on_mastodon":{"url":"https:\/\/pubeurope.com\/@ee\/117195516537455065","error":""},"_links":{"self":[{"href":"https:\/\/www.europesays.com\/ee\/wp-json\/wp\/v2\/posts\/265685","targetHints":{"allow":["GET"]}}],"collection":[{"href":"https:\/\/www.europesays.com\/ee\/wp-json\/wp\/v2\/posts"}],"about":[{"href":"https:\/\/www.europesays.com\/ee\/wp-json\/wp\/v2\/types\/post"}],"author":[{"embeddable":true,"href":"https:\/\/www.europesays.com\/ee\/wp-json\/wp\/v2\/users\/2"}],"replies":[{"embeddable":true,"href":"https:\/\/www.europesays.com\/ee\/wp-json\/wp\/v2\/comments?post=265685"}],"version-history":[{"count":0,"href":"https:\/\/www.europesays.com\/ee\/wp-json\/wp\/v2\/posts\/265685\/revisions"}],"wp:featuredmedia":[{"embeddable":true,"href":"https:\/\/www.europesays.com\/ee\/wp-json\/wp\/v2\/media\/265686"}],"wp:attachment":[{"href":"https:\/\/www.europesays.com\/ee\/wp-json\/wp\/v2\/media?parent=265685"}],"wp:term":[{"taxonomy":"category","embeddable":true,"href":"https:\/\/www.europesays.com\/ee\/wp-json\/wp\/v2\/categories?post=265685"},{"taxonomy":"post_tag","embeddable":true,"href":"https:\/\/www.europesays.com\/ee\/wp-json\/wp\/v2\/tags?post=265685"}],"curies":[{"name":"wp","href":"https:\/\/api.w.org\/{rel}","templated":true}]}}