{"id":265707,"date":"2026-09-01T11:41:21","date_gmt":"2026-09-01T11:41:21","guid":{"rendered":"https:\/\/www.europesays.com\/ee\/265707\/"},"modified":"2026-09-01T11:41:21","modified_gmt":"2026-09-01T11:41:21","slug":"el-tahab-vahendada-hiina-kaupade-joudmist-euroopa-turule","status":"publish","type":"post","link":"https:\/\/www.europesays.com\/ee\/265707\/","title":{"rendered":"EL tahab v\u00e4hendada Hiina kaupade j\u00f5udmist Euroopa turule"},"content":{"rendered":"<p>Euroopa Liit tahab v\u00e4hendada oma suurt kaubanduspuuduj\u00e4\u00e4ki Hiinaga ning p\u00fc\u00fcab selleks veenda Pekingit saatma Euroopasse v\u00e4hem kaupa. Samal ajal soovib Br\u00fcssel suurendada Euroopa toodete eksporti Hiinasse.<\/p>\n<p>Euroopa Komisjoni kaubandusvolinik Maro\u0161 \u0160ef\u010dovi\u010d \u00fctles v\u00e4ljaandele <a target=\"_blank\" rel=\"noopener noreferrer nofollow\" href=\"https:\/\/www.politico.eu\/article\/eu-wants-to-convince-china-to-curb-exports-to-the-bloc\/\">POLITICO<\/a>, et probleemi lahendamiseks peab tegutsema m\u00f5lemalt poolt.<\/p>\n","protected":false},"excerpt":{"rendered":"Euroopa Liit tahab v\u00e4hendada oma suurt kaubanduspuuduj\u00e4\u00e4ki Hiinaga ning p\u00fc\u00fcab selleks veenda Pekingit saatma Euroopasse v\u00e4hem kaupa. Samal&hellip;\n","protected":false},"author":2,"featured_media":265708,"comment_status":"","ping_status":"","sticky":false,"template":"","format":"standard","meta":{"footnotes":"","_share_on_mastodon":"0"},"categories":[80],"tags":[2135,26,27,37,33,35,1850,34,36,2337,590,31,32,21,326,6746,3722,20773,103125,28,29,95,2391,19,98361,25,9463,33554,49023,6731,103124,23,24,22,20,30,103123,92,93,94],"class_list":["post-265707","post","type-post","status-publish","format-standard","has-post-thumbnail","category-maailm","tag-autotoostus","tag-breaking-news","tag-breakingnews","tag-ee","tag-eesti","tag-eesti-keel","tag-eksport","tag-estonia","tag-estonian","tag-euroopa-komisjon","tag-euroopa-liit","tag-featured-news","tag-featurednews","tag-headlines","tag-hiina","tag-import","tag-inflatsioon","tag-kaubanduspoliitika","tag-kaubanduspuudujaak","tag-latest-news","tag-latestnews","tag-maailm","tag-maros-sefcovic","tag-news","tag-pollumajandustooted","tag-populaarseimad-lood","tag-riigiabi","tag-tarneahel","tag-terasetoostus","tag-tollimaks","tag-tootmise-ulevoimsus","tag-top-stories","tag-topstories","tag-uldised-uudised","tag-uudised","tag-viimased-uudised","tag-wang-wentao","tag-world","tag-world-news","tag-worldnews"],"share_on_mastodon":{"url":"","error":"Validation failed: Text character limit of 500 exceeded"},"_links":{"self":[{"href":"https:\/\/www.europesays.com\/ee\/wp-json\/wp\/v2\/posts\/265707","targetHints":{"allow":["GET"]}}],"collection":[{"href":"https:\/\/www.europesays.com\/ee\/wp-json\/wp\/v2\/posts"}],"about":[{"href":"https:\/\/www.europesays.com\/ee\/wp-json\/wp\/v2\/types\/post"}],"author":[{"embeddable":true,"href":"https:\/\/www.europesays.com\/ee\/wp-json\/wp\/v2\/users\/2"}],"replies":[{"embeddable":true,"href":"https:\/\/www.europesays.com\/ee\/wp-json\/wp\/v2\/comments?post=265707"}],"version-history":[{"count":0,"href":"https:\/\/www.europesays.com\/ee\/wp-json\/wp\/v2\/posts\/265707\/revisions"}],"wp:featuredmedia":[{"embeddable":true,"href":"https:\/\/www.europesays.com\/ee\/wp-json\/wp\/v2\/media\/265708"}],"wp:attachment":[{"href":"https:\/\/www.europesays.com\/ee\/wp-json\/wp\/v2\/media?parent=265707"}],"wp:term":[{"taxonomy":"category","embeddable":true,"href":"https:\/\/www.europesays.com\/ee\/wp-json\/wp\/v2\/categories?post=265707"},{"taxonomy":"post_tag","embeddable":true,"href":"https:\/\/www.europesays.com\/ee\/wp-json\/wp\/v2\/tags?post=265707"}],"curies":[{"name":"wp","href":"https:\/\/api.w.org\/{rel}","templated":true}]}}