{"id":265709,"date":"2026-09-01T11:42:12","date_gmt":"2026-09-01T11:42:12","guid":{"rendered":"https:\/\/www.europesays.com\/ee\/265709\/"},"modified":"2026-09-01T11:42:12","modified_gmt":"2026-09-01T11:42:12","slug":"kristen-michal-kutsus-riigikontrolli-auditi-tottu-hanno-pevkuri-vaibale","status":"publish","type":"post","link":"https:\/\/www.europesays.com\/ee\/265709\/","title":{"rendered":"Kristen Michal kutsus riigikontrolli auditi t\u00f5ttu Hanno Pevkuri vaibale"},"content":{"rendered":"<p><a rel=\"noopener follow nofollow\" target=\"_blank\" href=\"https:\/\/www.delfi.ee\/artikkel\/120606702\/riigikontroll-jatkuv-segadus-kaitseministeeriumi-vastutusalas-kasvatab-riigi-vara-kuritarvitamise-riski\" data-rel-date-range=\"[]\">Reedel avalikustas riigikontroll auditi<\/a>, milles leidis hulgaliselt probleeme kaitseministeeriumi valitsemisala rahaasjades. Michal teatas t\u00e4na, et kutsus neljap\u00e4eva varahommikuks kokku valitsuskabineti n\u00f5upidamise, kus palub riigikontrol\u00f6r Janar Holmilt teha \u00fclevaate raamatupidamise ebaselgusest.<\/p>\n<p>\u201eKaitseminister Hanno Pevkurilt, kaitsev\u00e4e juhatajalt Andrus Merilolt, RKIKi juhilt Elmar Vaherilt ja kaitseministeeriumi kantslerilt Kaimo Kuuselt ootan neljap\u00e4eval samal kohtumisel konkreetset tegevusplaani probleemide kiireks lahendamiseks,\u201c kirjutas Michal.<\/p>\n<p><a rel=\"noopener follow nofollow\" target=\"_blank\" href=\"https:\/\/www.delfi.ee\/artikkel\/120606765\/videod-kaitseminister-kas-astute-tagasi-pevkur-raha-voolab-peale-eksimusi-voib-ikka-tulla\" data-rel-date-range=\"[]\">Pevkur (Reformierakond) \u00fctles reedel v\u00e4lkintervjuus Delfile<\/a>, et asjad on vaja korda teha. \u201eSee, et riigikaitsesse on raha juurde tulnud, ei ole kellelegi \u00fcllatus. See, et rahade juurde tulemisega on soetuses v\u00e4ga palju uut tehnikat ja uut kaitsev\u00f5imet, ei ole ka kellelegi \u00fcllatus. Need asjad on vaja ka korralikult arvele v\u00f5tta. Loomulikult tuleb. Aga kas nii suurte s\u00fcsteemide puhul ja eriti nii suure raha pealevoolu juures v\u00f5ib tulla eksimusi sisse? Kindlasti v\u00f5ib,\u201c r\u00e4\u00e4kis ta.<\/p>\n<p>Eelmisel s\u00fcgisel avaldas riigikontroll samuti kriitilise auditi. Pevkur lausus, et siis tegid nad tegevuskava, mille on kinnitanud kaitsev\u00e4e juhataja ja riigi kaitseinvesteeringute keskus (RKIK). \u201eMeil on vaja ju Eesti inimestele anda kindlus, et see raha, mille Eesti rahvas on andnud riigikaitse arendamiseks, l\u00e4heb v\u00f5imetesse. Seda ma saan kinnitada, et see on k\u00f5ik v\u00f5imetesse l\u00e4inud,\u201c m\u00e4rkis ta.<\/p>\n<p>Kantsler Kaimo Kuusk lausus reedel, et tema on vastutuse juba v\u00f5tnud. \u201eMina olen andnud lubaduse see asi korda saada,\u201c m\u00e4rkis ta. Tema s\u00f5nul kasvavad kaitsesse investeeritud summad palju ja personaliga on lagi ees. P\u00e4rast s\u00fcgisest riigikontrolli auditit otsustas ministeerium tema s\u00f5nul, et v\u00f5tavad juurde k\u00fcmme professionaalset inventuuride tegijat.<\/p>\n<p>Kuusk alustas p\u00e4rast riigikontrolli eelmise aasta auditit tegevusprogrammiga, et riigikontrolli puudused kaotada. N\u00fc\u00fcd on nad tema s\u00f5nul saanud pildi ette ettemaksetega. Aga puuduste likvideerimise tempoga pole ta ise rahul.<\/p>\n<p>RKIK-i juht Elmar Vaher lausus reedel, et tema teada on riigikontroll vajalikud lepingud saanud, aga tunnistas seejuures, et finantsjuhtimises on puudusi. Ta lisas, et m\u00f5ned lepingud pole v\u00e4ga kergelt leitavad. \u201eRaamhange on v\u00f5ib-olla olemas, aga v\u00e4iksemaid hankelepinguid ei ole v\u00f5imalik nii kiiresti leida kui riigikontroll on soovinud,\u201c kirjeldas Vaher.<\/p>\n<p>Elmar Vaheri s\u00f5nul on ta riigikontrolli materjalidega tutvunud ning mitmeid kordi r\u00e4\u00e4kinud riigikontrol\u00f6r Janar Holmiga. \u201eRKIK-i finantsjuhtimises on m\u00f6\u00f6dalaskmisi, on neid kohti, mida saab parandada,\u201c m\u00e4rkis ta. \u201eMinu hinnangul selles kasvavas riigikaitse eelarves ei ole RKIK kui asutusena suutnud j\u00e4rgi tulla.\u201c<\/p>\n<p><a href=\"http:\/\/www.delfi.ee\/artikkel\/120606846\/videod-kaitseministeeriumi-kantsler-kaimo-kuusk-riigikontrolli-auditist-ma-juba-votsin-vastutuse#dalrel-in-article\" class=\"content-embedded-articles-single__embedded-article\" data-v-6f4d311d=\"\" rel=\"nofollow noopener\" target=\"_blank\"><\/p>\n<p>28.08.2026<\/p>\n<p>VIDEOD | Kaitseministeeriumi kantsler Kaimo Kuusk riigikontrolli auditist: ma juba v\u00f5tsin vastutuse(206)<\/p>\n<p><\/a>Kuidas see lugu Sind end tundma pani?Saada<a href=\"https:\/\/www.delfi.ee\/artikkel\/120607600\/kristen-michal-kutsus-riigikontrolli-auditi-tottu-hanno-pevkuri-vaibale\/kommentaarid\" class=\"button button--primary button--size-auto article-body-bottom__comment article-body-bottom__comment--write\" style=\"\" rel=\"nofollow noopener\" target=\"_blank\">Kommenteeri<\/a><a href=\"https:\/\/www.delfi.ee\/artikkel\/120607600\/kristen-michal-kutsus-riigikontrolli-auditi-tottu-hanno-pevkuri-vaibale\/kommentaarid\" class=\"button button--size-auto article-body-bottom__comment article-body-bottom__comment--read\" style=\"\" rel=\"nofollow noopener\" target=\"_blank\">Loe kommentaare (23)<\/a><\/p>\n","protected":false},"excerpt":{"rendered":"Reedel avalikustas riigikontroll auditi, milles leidis hulgaliselt probleeme kaitseministeeriumi valitsemisala rahaasjades. Michal teatas t\u00e4na, et kutsus neljap\u00e4eva varahommikuks&hellip;\n","protected":false},"author":2,"featured_media":265710,"comment_status":"","ping_status":"","sticky":false,"template":"","format":"standard","meta":{"footnotes":"","_share_on_mastodon":"0"},"categories":[12],"tags":[687,679,667,26,27,673,688,663,662,37,33,35,684,683,692,34,36,31,32,208,148,21,206,668,669,381,686,677,694,691,339,680,28,29,671,672,377,690,144,678,665,19,693,676,666,25,322,664,150,695,685,159,394,682,674,675,23,24,689,222,22,20,670,681,149,30],"class_list":["post-265709","post","type-post","status-publish","format-standard","has-post-thumbnail","category-eesti","tag-ajaviide","tag-autoleht","tag-blog","tag-breaking-news","tag-breakingnews","tag-cv","tag-date","tag-defli","tag-delfi","tag-ee","tag-eesti","tag-eesti-keel","tag-ekaart","tag-email","tag-erootika","tag-estonia","tag-estonian","tag-featured-news","tag-featurednews","tag-film","tag-foto","tag-headlines","tag-horoskoop","tag-ilm","tag-ilmaennustus","tag-internet","tag-kaart","tag-kava","tag-kindlustus","tag-kinnisvara","tag-kuulutused","tag-lasteleht","tag-latest-news","tag-latestnews","tag-loto","tag-majandus","tag-mangud","tag-mobiil","tag-muusika","tag-naisteleht","tag-naljad","tag-news","tag-otsing","tag-pank","tag-pilt","tag-populaarseimad-lood","tag-raadio","tag-reklaam","tag-seks","tag-sms","tag-solo","tag-sport","tag-tarkvara","tag-tasuta","tag-too","tag-toopakkumised","tag-top-stories","tag-topstories","tag-tutvus","tag-tv","tag-uldised-uudised","tag-uudised","tag-valimised","tag-valuuta","tag-video","tag-viimased-uudised"],"share_on_mastodon":{"url":"","error":"Validation failed: Text character limit of 500 exceeded"},"_links":{"self":[{"href":"https:\/\/www.europesays.com\/ee\/wp-json\/wp\/v2\/posts\/265709","targetHints":{"allow":["GET"]}}],"collection":[{"href":"https:\/\/www.europesays.com\/ee\/wp-json\/wp\/v2\/posts"}],"about":[{"href":"https:\/\/www.europesays.com\/ee\/wp-json\/wp\/v2\/types\/post"}],"author":[{"embeddable":true,"href":"https:\/\/www.europesays.com\/ee\/wp-json\/wp\/v2\/users\/2"}],"replies":[{"embeddable":true,"href":"https:\/\/www.europesays.com\/ee\/wp-json\/wp\/v2\/comments?post=265709"}],"version-history":[{"count":0,"href":"https:\/\/www.europesays.com\/ee\/wp-json\/wp\/v2\/posts\/265709\/revisions"}],"wp:featuredmedia":[{"embeddable":true,"href":"https:\/\/www.europesays.com\/ee\/wp-json\/wp\/v2\/media\/265710"}],"wp:attachment":[{"href":"https:\/\/www.europesays.com\/ee\/wp-json\/wp\/v2\/media?parent=265709"}],"wp:term":[{"taxonomy":"category","embeddable":true,"href":"https:\/\/www.europesays.com\/ee\/wp-json\/wp\/v2\/categories?post=265709"},{"taxonomy":"post_tag","embeddable":true,"href":"https:\/\/www.europesays.com\/ee\/wp-json\/wp\/v2\/tags?post=265709"}],"curies":[{"name":"wp","href":"https:\/\/api.w.org\/{rel}","templated":true}]}}