{"id":265719,"date":"2026-09-01T11:52:13","date_gmt":"2026-09-01T11:52:13","guid":{"rendered":"https:\/\/www.europesays.com\/ee\/265719\/"},"modified":"2026-09-01T11:52:13","modified_gmt":"2026-09-01T11:52:13","slug":"leningradi-oblastit-tabas-pommiahvarduste-laine-kuberner-vastase-informatsiooniline-terrorirunnak","status":"publish","type":"post","link":"https:\/\/www.europesays.com\/ee\/265719\/","title":{"rendered":"Leningradi oblastit tabas pommi\u00e4hvarduste laine. Kuberner: vastase informatsiooniline terrorir\u00fcnnak"},"content":{"rendered":"<p>Drozdenko s\u00f5nul saadetakse teateid pommide kohta lasteaedades, koolides, haiglates ja teistel sotsiaalobjektidel. Drozdenko s\u00f5nul p\u00fc\u00fcab \u201evastane\u201c 1. septembrit nurjata ja paanikat k\u00fclvata, vahendab Meduza.<\/p>\n<p><a rel=\"noopener nofollow\" target=\"_blank\" href=\"https:\/\/www.delfi.ee\/teema\/22871535\/moskva\" tag-id=\"22871535\">Moskvas<\/a> suleti aga ajutiselt Pu\u0161kini-nimeline riiklik kujutava kunsti muuseum. K\u00fclastajad evakueeriti ja ekskursioonid t\u00fchistati. Lisaks sellele suleti Ida Muuseumi peahoone, mida selgitati tehniliste p\u00f5hjustega.<\/p>\n<p>Varem teatasid ka <a rel=\"noopener nofollow\" target=\"_blank\" href=\"https:\/\/www.delfi.ee\/teema\/31774835\/altai\" tag-id=\"31774835\">Altai<\/a> krai v\u00f5imud pommi\u00e4hvarduste lainest.<\/p>\n<p>\u201eOstoro\u017eno, novosti\u201c andmetel on pommi\u00e4hvardusi tehtud ka Uuralis, Jamalis, <a rel=\"noopener nofollow\" target=\"_blank\" href=\"https:\/\/www.delfi.ee\/teema\/64077947\/kaasan\" tag-id=\"64077947\">Kaasanis<\/a>, Taga-Baikalimaal, <a rel=\"noopener nofollow\" target=\"_blank\" href=\"https:\/\/www.delfi.ee\/teema\/96860637\/orenburg-1\" tag-id=\"96860637\">Orenburgi<\/a> oblastis ja <a rel=\"noopener nofollow\" target=\"_blank\" href=\"https:\/\/www.delfi.ee\/teema\/56815520\/krasnojarsk\" tag-id=\"56815520\">Krasnojarski<\/a> krais.<\/p>\n<p>Kuidas see lugu Sind end tundma pani?Saada<a href=\"https:\/\/www.delfi.ee\/artikkel\/120607557\/leningradi-oblastit-tabas-pommiahvarduste-laine-kuberner-vastase-informatsiooniline-terrorirunnak\/kommentaarid\" class=\"button button--primary button--size-auto article-body-bottom__comment article-body-bottom__comment--write\" style=\"\" rel=\"nofollow noopener\" target=\"_blank\">Kommenteeri<\/a><a href=\"https:\/\/www.delfi.ee\/artikkel\/120607557\/leningradi-oblastit-tabas-pommiahvarduste-laine-kuberner-vastase-informatsiooniline-terrorirunnak\/kommentaarid\" class=\"button button--size-auto article-body-bottom__comment article-body-bottom__comment--read\" style=\"\" rel=\"nofollow noopener\" target=\"_blank\">Loe kommentaare (28)<\/a><\/p>\n","protected":false},"excerpt":{"rendered":"Drozdenko s\u00f5nul saadetakse teateid pommide kohta lasteaedades, koolides, haiglates ja teistel sotsiaalobjektidel. Drozdenko s\u00f5nul p\u00fc\u00fcab \u201evastane\u201c 1. septembrit&hellip;\n","protected":false},"author":2,"featured_media":265720,"comment_status":"","ping_status":"","sticky":false,"template":"","format":"standard","meta":{"footnotes":"","_share_on_mastodon":"0"},"categories":[80],"tags":[65584,26,27,37,33,35,34,36,31,32,21,12355,25161,28,29,49662,95,108,19,7552,25,23,24,22,20,59731,96,30,92,93,94],"class_list":["post-265719","post","type-post","status-publish","format-standard","has-post-thumbnail","category-maailm","tag-altai","tag-breaking-news","tag-breakingnews","tag-ee","tag-eesti","tag-eesti-keel","tag-estonia","tag-estonian","tag-featured-news","tag-featurednews","tag-headlines","tag-kaasan","tag-krasnojarsk","tag-latest-news","tag-latestnews","tag-leningradi-oblast","tag-maailm","tag-moskva","tag-news","tag-orenburg","tag-populaarseimad-lood","tag-top-stories","tag-topstories","tag-uldised-uudised","tag-uudised","tag-uuralid","tag-venemaa","tag-viimased-uudised","tag-world","tag-world-news","tag-worldnews"],"share_on_mastodon":{"url":"https:\/\/pubeurope.com\/@ee\/117195646377538980","error":""},"_links":{"self":[{"href":"https:\/\/www.europesays.com\/ee\/wp-json\/wp\/v2\/posts\/265719","targetHints":{"allow":["GET"]}}],"collection":[{"href":"https:\/\/www.europesays.com\/ee\/wp-json\/wp\/v2\/posts"}],"about":[{"href":"https:\/\/www.europesays.com\/ee\/wp-json\/wp\/v2\/types\/post"}],"author":[{"embeddable":true,"href":"https:\/\/www.europesays.com\/ee\/wp-json\/wp\/v2\/users\/2"}],"replies":[{"embeddable":true,"href":"https:\/\/www.europesays.com\/ee\/wp-json\/wp\/v2\/comments?post=265719"}],"version-history":[{"count":0,"href":"https:\/\/www.europesays.com\/ee\/wp-json\/wp\/v2\/posts\/265719\/revisions"}],"wp:featuredmedia":[{"embeddable":true,"href":"https:\/\/www.europesays.com\/ee\/wp-json\/wp\/v2\/media\/265720"}],"wp:attachment":[{"href":"https:\/\/www.europesays.com\/ee\/wp-json\/wp\/v2\/media?parent=265719"}],"wp:term":[{"taxonomy":"category","embeddable":true,"href":"https:\/\/www.europesays.com\/ee\/wp-json\/wp\/v2\/categories?post=265719"},{"taxonomy":"post_tag","embeddable":true,"href":"https:\/\/www.europesays.com\/ee\/wp-json\/wp\/v2\/tags?post=265719"}],"curies":[{"name":"wp","href":"https:\/\/api.w.org\/{rel}","templated":true}]}}