{"id":265721,"date":"2026-09-01T11:53:07","date_gmt":"2026-09-01T11:53:07","guid":{"rendered":"https:\/\/www.europesays.com\/ee\/265721\/"},"modified":"2026-09-01T11:53:07","modified_gmt":"2026-09-01T11:53:07","slug":"fotod-head-kooliaastat-tanavu-alustab-esimest-kooliteed-ligi-14-700-opilast","status":"publish","type":"post","link":"https:\/\/www.europesays.com\/ee\/265721\/","title":{"rendered":"FOTOD | Head kooliaastat! T\u00e4navu alustab esimest kooliteed ligi 14 700 \u00f5pilast"},"content":{"rendered":"<p>Kutse\u00f5ppe \u00f5pilaste \u00fcldarv 2025\/26 \u00f5ppeaastal langes veidi, v\u00f5rreldes eelnenud aastaga. Kuigi kutsekeskharidus\u00f5ppes \u00f5ppijate arv suurenes, siis teistel tasemetel \u00f5ppijate arv v\u00e4henes. <\/p>\n<p>2026\/27. \u00f5ppeaastal on oodata \u00f5ppimiskohustuse m\u00f5jul taaskord \u00f5pilaste arvu suurenemist v\u00f5rreldes eelmise aastaga.  P\u00e4rast vahepealset langust kasvas 2025\/2026. \u00f5ppeaastal \u00fcli\u00f5pilaste arv k\u00f5igil k\u00f5rghariduse astmetel ning v\u00f5ib eeldada, et kasv j\u00e4tkub ka alanud \u00f5ppeaastal.  <\/p>\n<p>\u00dcldhariduskoolide \u00f5petajate arv kasvas 2025\/2026. \u00f5ppeaastal p\u00e4rast aastast langust. Alushariduse ja kutse\u00f5petajate arv on viimastel aastatel v\u00e4henenud.    <\/p>\n<p>Seda, kui palju noori sel \u00f5ppeaastal \u00f5ppekohata j\u00e4\u00e4vad, kooliaasta alguse seisuga \u00f6elda ei saa. Kuna koolid kannavad veel \u00f5pilasi aktiivselt Eesti hariduse infos\u00fcsteemi (EHIS), muutuvad andmed pidevalt. Selle aasta 31. augusti seisuga on Eestis kokku 15 007 \u00f5ppimiskohustusega noort, kellest 1326 ei ole veel EHIS-esse \u00f5ppijana sisestatud.<\/p>\n<p>Tallinnas alustab uut \u00f5ppeaastat ligi 45 700 kooli\u00f5pilast <\/p>\n<p>Tallinna munitsipaal\u00fcldhariduskoolides \u00f5pib uuel \u00f5ppeaastal prognooside kohaselt ligikaudu 45 700 \u00f5pilast. Esimesse klassi astub t\u00e4navu umbes 3600 last. Kuid t\u00e4psed \u00f5pilaste arvud selguvad 10. septembriks, kui koolid on sisestanud andmed infos\u00fcsteemi EHIS. Tallinnas tegutseb 60 munitsipaalkooli ja 1 ametikool.<\/p>\n<p>Tallinna haridusv\u00f5rk t\u00e4ieneb ka uute ja uuendatud \u00f5ppehoonetega. \u00d5ppeaasta alguseks valmis Tallinna Reaalkooli juurdeehitus koos ajaloolise koolihoone uuendamisega, uus Hiiu Kooli \u00f5ppehoone ning Tallinna Kikase Lasteaia uus maja.  <\/p>\n<p>Uuel \u00f5ppeaastal alustab Tallinna Avatud Kool tegevust Karjamaa 18 hoones, seal samas j\u00e4tkavad \u00f5pinguid ka Kalamaja P\u00f5hikooli 6-9. klassid. Ristiku P\u00f5hikooli 6.-9. klassid j\u00e4tkavad \u00f5ppet\u00f6\u00f6d Auna 6 \u00f5ppehoones. Samal ajal j\u00e4tkuvad mitmed suured investeeringud haridusasutuste taristusse, sealhulgas Tallinna Heleni Kooli, Tallinna Huvikeskuse Kullo, Jakob Westholmi G\u00fcmnaasiumi, Tallinna P\u00f5hjat\u00e4he P\u00f5hikooli ja Kalamaja P\u00f5hikooli ehitus- ja laiendust\u00f6\u00f6d.<\/p>\n<p>T\u00e4navune \u00f5ppeaasta on Tallinnas p\u00fchendatud alusharidusele. Lasteaiav\u00f5rgu arendamisel j\u00e4tkuvad Tallinna Lasteaed P\u00e4ikene, Tallinna Liikuri Lasteaed ja Tallinna Lepatriinu Lasteaed ehitused. Ettevalmistamisel on ka uued Tallinna Rukkilill Lasteaed, Manufaktuuri Lasteaed, Pikaliiva Lasteaed ja P\u00e4ikesej\u00e4nku Lasteaia hooned.<\/p>\n<p>Tallinna haridusameti juhataja Kaarel Rundu s\u00f5nul on iga uus \u00f5ppeaasta v\u00f5imalus alustada v\u00e4rske energia ja uute eesm\u00e4rkidega. \u201eUus \u00f5ppeaasta t\u00e4hendab tuhandetele lastele ja noortele uusi algusi, uusi s\u00f5pru ning uusi teadmisi. 1. september on alati veidi eriline p\u00e4ev nii lastele, \u00f5petajatele kui ka peredele. M\u00f5ne jaoks on see esimene koolip\u00e4ev, teise jaoks taaskohtumine s\u00f5prade ja kolleegidega. Soovin k\u00f5igile edasip\u00fc\u00fcdlikku meelt, avatud s\u00fcdant ja palju uusi teadmisi uuel \u00f5ppeaastal,\u201c s\u00f5nas ta. <\/p>\n<p>Tartus alustab uut \u00f5ppeaastat 15 773 \u00fcldhariduskoolide \u00f5pilast<\/p>\n<p>Esimestes klassides alustab kooliteed 1247 \u00f5pilast. K\u00f5ige rohkem lapsi asub sel aastal \u00f5ppima Tartu Karlova Koolis (96 \u00f5pilast) ja Tartu Tamme Koolis (95 \u00f5pilast).<\/p>\n<p>Tartu g\u00fcmnaasiumides alustab \u00f5pinguid 1300 \u00f5pilast. Lisaks alustab \u00f5pinguid Tartu T\u00e4iskasvanute G\u00fcmnaasiumis 161 \u00f5ppurit.<\/p>\n<p>Tartu g\u00fcmnaasiumidesse tullakse \u00f5ppima k\u00f5igist Eesti maakondadest. G\u00fcmnaasiumisse astujatest ligikaudu 75 protsenti on l\u00f5petanud p\u00f5hikooli Tartus.<\/p>\n<p>Tartu Rakenduslikus Kolled\u017eis (VOCO) alustab uut \u00f5ppeaastat 3200 \u00f5ppijat, neist 1400 esmakursuslast. P\u00f5hihariduse baasil rakendusliku keskhariduse \u00f5ppekavadel alustab 815 \u00f5pilast, mida on 8 protsenti rohkem kui eelmisel aastal. Kolmanda taseme kutse\u00f5ppes alustab 56 ning ettevalmistavas \u00f5ppes 62 \u00f5pilast. Seega alustab t\u00e4navu Tartu kutsehariduses p\u00f5hikoolij\u00e4rgseid \u00f5pinguid kokku 933 noort.<\/p>\n<p>Kuidas see lugu Sind end tundma pani?Saada<a href=\"https:\/\/www.delfi.ee\/artikkel\/120607534\/fotod-head-kooliaastat-tanavu-alustab-esimest-kooliteed-ligi-14-700-opilast\/kommentaarid\" class=\"button button--primary button--size-auto article-body-bottom__comment article-body-bottom__comment--write\" style=\"\" rel=\"nofollow noopener\" target=\"_blank\">Kommenteeri<\/a><a href=\"https:\/\/www.delfi.ee\/artikkel\/120607534\/fotod-head-kooliaastat-tanavu-alustab-esimest-kooliteed-ligi-14-700-opilast\/kommentaarid\" class=\"button button--size-auto article-body-bottom__comment article-body-bottom__comment--read\" style=\"\" rel=\"nofollow noopener\" target=\"_blank\">Loe kommentaare (8)<\/a><\/p>\n","protected":false},"excerpt":{"rendered":"Kutse\u00f5ppe \u00f5pilaste \u00fcldarv 2025\/26 \u00f5ppeaastal langes veidi, v\u00f5rreldes eelnenud aastaga. Kuigi kutsekeskharidus\u00f5ppes \u00f5ppijate arv suurenes, siis teistel tasemetel&hellip;\n","protected":false},"author":2,"featured_media":265722,"comment_status":"","ping_status":"","sticky":false,"template":"","format":"standard","meta":{"footnotes":"","_share_on_mastodon":"0"},"categories":[12],"tags":[687,679,667,26,27,673,688,663,662,37,33,35,684,683,692,34,36,31,32,208,148,21,206,668,669,381,686,677,694,691,339,680,28,29,671,672,377,690,144,678,665,19,693,676,666,25,322,664,150,695,685,159,394,682,674,675,23,24,689,222,22,20,670,681,149,30],"class_list":["post-265721","post","type-post","status-publish","format-standard","has-post-thumbnail","category-eesti","tag-ajaviide","tag-autoleht","tag-blog","tag-breaking-news","tag-breakingnews","tag-cv","tag-date","tag-defli","tag-delfi","tag-ee","tag-eesti","tag-eesti-keel","tag-ekaart","tag-email","tag-erootika","tag-estonia","tag-estonian","tag-featured-news","tag-featurednews","tag-film","tag-foto","tag-headlines","tag-horoskoop","tag-ilm","tag-ilmaennustus","tag-internet","tag-kaart","tag-kava","tag-kindlustus","tag-kinnisvara","tag-kuulutused","tag-lasteleht","tag-latest-news","tag-latestnews","tag-loto","tag-majandus","tag-mangud","tag-mobiil","tag-muusika","tag-naisteleht","tag-naljad","tag-news","tag-otsing","tag-pank","tag-pilt","tag-populaarseimad-lood","tag-raadio","tag-reklaam","tag-seks","tag-sms","tag-solo","tag-sport","tag-tarkvara","tag-tasuta","tag-too","tag-toopakkumised","tag-top-stories","tag-topstories","tag-tutvus","tag-tv","tag-uldised-uudised","tag-uudised","tag-valimised","tag-valuuta","tag-video","tag-viimased-uudised"],"share_on_mastodon":{"url":"","error":""},"_links":{"self":[{"href":"https:\/\/www.europesays.com\/ee\/wp-json\/wp\/v2\/posts\/265721","targetHints":{"allow":["GET"]}}],"collection":[{"href":"https:\/\/www.europesays.com\/ee\/wp-json\/wp\/v2\/posts"}],"about":[{"href":"https:\/\/www.europesays.com\/ee\/wp-json\/wp\/v2\/types\/post"}],"author":[{"embeddable":true,"href":"https:\/\/www.europesays.com\/ee\/wp-json\/wp\/v2\/users\/2"}],"replies":[{"embeddable":true,"href":"https:\/\/www.europesays.com\/ee\/wp-json\/wp\/v2\/comments?post=265721"}],"version-history":[{"count":0,"href":"https:\/\/www.europesays.com\/ee\/wp-json\/wp\/v2\/posts\/265721\/revisions"}],"wp:featuredmedia":[{"embeddable":true,"href":"https:\/\/www.europesays.com\/ee\/wp-json\/wp\/v2\/media\/265722"}],"wp:attachment":[{"href":"https:\/\/www.europesays.com\/ee\/wp-json\/wp\/v2\/media?parent=265721"}],"wp:term":[{"taxonomy":"category","embeddable":true,"href":"https:\/\/www.europesays.com\/ee\/wp-json\/wp\/v2\/categories?post=265721"},{"taxonomy":"post_tag","embeddable":true,"href":"https:\/\/www.europesays.com\/ee\/wp-json\/wp\/v2\/tags?post=265721"}],"curies":[{"name":"wp","href":"https:\/\/api.w.org\/{rel}","templated":true}]}}