{"id":265725,"date":"2026-09-01T12:01:16","date_gmt":"2026-09-01T12:01:16","guid":{"rendered":"https:\/\/www.europesays.com\/ee\/265725\/"},"modified":"2026-09-01T12:01:16","modified_gmt":"2026-09-01T12:01:16","slug":"piltuudis-%e2%9f%a9-peres-on-veel-uks-rahvusmeister-ott-tanaku-tutar-tuli-ratsutamises-eesti-meistriks","status":"publish","type":"post","link":"https:\/\/www.europesays.com\/ee\/265725\/","title":{"rendered":"PILTUUDIS \u27e9 \u00abPeres on veel \u00fcks rahvusmeister!\u00bb Ott T\u00e4naku t\u00fctar tuli ratsutamises Eesti meistriks"},"content":{"rendered":"<p>M\u00f6\u00f6dunud n\u00e4dalavahetusel selgitati Perila tallides Eesti meistrid koolis\u00f5idus.<\/p>\n<p>Lasteklassis p\u00e4lvis meistritiitli Ott T\u00e4naku 12-aastane t\u00fctar Mia poniga Tristan J.<\/p>\n<p>\u00dchismeedias jagab uhke isa armsaid kaadreid. \u00abPeres on veel \u00fcks rahvusmeister! Ma ei saaks uhkem olla!\u00bb kirjutas ta fotode juures.<\/p>\n<p>Postitus on kogunud m\u00f5ne tunniga ohtralt kommentaare ja \u00fcle 5000 meeldimise.<\/p>\n<p>Teise koha p\u00e4lvis lasteklassis Marta Johanna Lepiksoo poniga Beyonce.<\/p>\n<p>Pronksi v\u00f5itis Carmen S\u00f5lg koos Ramboga.<\/p>\n<p>Mia T\u00e4naku jaoks ei ole see aga sugugi hooaja esimene medal.<\/p>\n<p>Aprillis toimunud koolis\u00f5idu sisemeistriv\u00f5istlustel Toominga tallis teenis ta laste klassis hobusel Romantika h\u00f5bemedali, Mais v\u00f5itis Mia aga esimese rahvusvahelise konkurentsiga v\u00f5istluse Maria talus.<\/p>\n","protected":false},"excerpt":{"rendered":"M\u00f6\u00f6dunud n\u00e4dalavahetusel selgitati Perila tallides Eesti meistrid koolis\u00f5idus. Lasteklassis p\u00e4lvis meistritiitli Ott T\u00e4naku 12-aastane t\u00fctar Mia poniga Tristan&hellip;\n","protected":false},"author":2,"featured_media":265726,"comment_status":"","ping_status":"","sticky":false,"template":"","format":"standard","meta":{"footnotes":"","_share_on_mastodon":"0"},"categories":[18],"tags":[37,33,35,137,152,153,151,34,36,148,154,142,143,140,144,141,146,147,145,138,150,155,159,158,139,149],"class_list":["post-265725","post","type-post","status-publish","format-standard","has-post-thumbnail","category-sport","tag-ee","tag-eesti","tag-eesti-keel","tag-elu","tag-elu-24","tag-elu24-ee","tag-erna-husko","tag-estonia","tag-estonian","tag-foto","tag-koroonaviirus","tag-kuulsus","tag-live","tag-meelelahutus","tag-muusika","tag-pidu","tag-pommuudis","tag-reality","tag-saade","tag-saagim","tag-seks","tag-silvia-ilves","tag-sport","tag-sports","tag-staar","tag-video"],"share_on_mastodon":{"url":"https:\/\/pubeurope.com\/@ee\/117195681724817008","error":""},"_links":{"self":[{"href":"https:\/\/www.europesays.com\/ee\/wp-json\/wp\/v2\/posts\/265725","targetHints":{"allow":["GET"]}}],"collection":[{"href":"https:\/\/www.europesays.com\/ee\/wp-json\/wp\/v2\/posts"}],"about":[{"href":"https:\/\/www.europesays.com\/ee\/wp-json\/wp\/v2\/types\/post"}],"author":[{"embeddable":true,"href":"https:\/\/www.europesays.com\/ee\/wp-json\/wp\/v2\/users\/2"}],"replies":[{"embeddable":true,"href":"https:\/\/www.europesays.com\/ee\/wp-json\/wp\/v2\/comments?post=265725"}],"version-history":[{"count":0,"href":"https:\/\/www.europesays.com\/ee\/wp-json\/wp\/v2\/posts\/265725\/revisions"}],"wp:featuredmedia":[{"embeddable":true,"href":"https:\/\/www.europesays.com\/ee\/wp-json\/wp\/v2\/media\/265726"}],"wp:attachment":[{"href":"https:\/\/www.europesays.com\/ee\/wp-json\/wp\/v2\/media?parent=265725"}],"wp:term":[{"taxonomy":"category","embeddable":true,"href":"https:\/\/www.europesays.com\/ee\/wp-json\/wp\/v2\/categories?post=265725"},{"taxonomy":"post_tag","embeddable":true,"href":"https:\/\/www.europesays.com\/ee\/wp-json\/wp\/v2\/tags?post=265725"}],"curies":[{"name":"wp","href":"https:\/\/api.w.org\/{rel}","templated":true}]}}