{"id":265737,"date":"2026-09-01T12:13:13","date_gmt":"2026-09-01T12:13:13","guid":{"rendered":"https:\/\/www.europesays.com\/ee\/265737\/"},"modified":"2026-09-01T12:13:13","modified_gmt":"2026-09-01T12:13:13","slug":"foto-kuulus-atacama-korb-tsiilis-mattus-ootamatult-lume-alla","status":"publish","type":"post","link":"https:\/\/www.europesays.com\/ee\/265737\/","title":{"rendered":"FOTO | Kuulus Atacama k\u00f5rb T\u0161iilis mattus ootamatult lume alla"},"content":{"rendered":"<p>Science Daily <a rel=\"noopener follow nofollow\" target=\"_blank\" href=\"https:\/\/www.sciencedaily.com\/releases\/2026\/09\/260901010709.htm\" data-rel-date-range=\"[]\">kirjutab<\/a>, et Atacama k\u00f5rb, mida peetakse \u00fcheks maailma kuivemaks paigaks, sai augustis ebatavaliselt suure koguse lund ja vihma. NASA satelliidipildid n\u00e4itavad, kuidas lumi ulatus Andidest \u00fcle k\u00f5rbe peaaegu Vaikse ookeani rannikuni.<\/p>\n<p><img decoding=\"async\" src=\"https:\/\/www.europesays.com\/ee\/wp-content\/uploads\/2026\/09\/1979c057-0065-4471-b2c9-1f2c7acdb0c8.jpg\" loading=\"lazy\" alt=\"Atacama k\u00f5rb enne ja p\u00e4rast 14. augusti lumesadu.\"\/><\/p>\n<p class=\"isSelectedEnd\">Tugev lumesadu sundis ajutiselt t\u00f6\u00f6 peatama ka k\u00f5rgel Chajnantori platool asuval ALMA raadioteleskoobil. Augusti teises pooles tabas piirkonda veel \u00fcks torm, mis t\u00f5i lisaks lumele kaasa tugeva vihma, \u00fcleujutusi ja mudavoolusid. Taltali linnas sadas kolme p\u00e4evaga ligi 40 millimeetrit vihma, umbes k\u00fcmme korda rohkem kui seal tavaliselt terve aasta jooksul. Teadlaste hinnangul aitas erakordset ilma v\u00f5imendada tugevnev El Ni\u00f1o, mis muudab Vaikse ookeani kohal \u00f5hur\u00f5humustreid ja v\u00f5imaldab tormidel tavap\u00e4rasest kaugemale p\u00f5hja liikuda.<\/p>\n<p>Kuidas see lugu Sind end tundma pani?Saada<a href=\"https:\/\/forte.delfi.ee\/artikkel\/120607588\/foto-kuulus-atacama-korb-tsiilis-mattus-ootamatult-lume-alla\/kommentaarid\" class=\"button button--primary button--size-auto article-body-bottom__comment article-body-bottom__comment--write\" style=\"\" rel=\"nofollow noopener\" target=\"_blank\">Kommenteeri<\/a><a href=\"https:\/\/forte.delfi.ee\/artikkel\/120607588\/foto-kuulus-atacama-korb-tsiilis-mattus-ootamatult-lume-alla\/kommentaarid\" class=\"button button--size-auto article-body-bottom__comment article-body-bottom__comment--read\" style=\"\" rel=\"nofollow noopener\" target=\"_blank\">Loe kommentaare (6)<\/a><\/p>\n","protected":false},"excerpt":{"rendered":"Science Daily kirjutab, et Atacama k\u00f5rb, mida peetakse \u00fcheks maailma kuivemaks paigaks, sai augustis ebatavaliselt suure koguse lund&hellip;\n","protected":false},"author":2,"featured_media":265738,"comment_status":"","ping_status":"","sticky":false,"template":"","format":"standard","meta":{"footnotes":"","_share_on_mastodon":"0"},"categories":[14],"tags":[131,130,37,33,35,34,36,4326],"class_list":["post-265737","post","type-post","status-publish","format-standard","has-post-thumbnail","category-ari","tag-ari","tag-business","tag-ee","tag-eesti","tag-eesti-keel","tag-estonia","tag-estonian","tag-kliima"],"share_on_mastodon":{"url":"https:\/\/pubeurope.com\/@ee\/117195729643493635","error":""},"_links":{"self":[{"href":"https:\/\/www.europesays.com\/ee\/wp-json\/wp\/v2\/posts\/265737","targetHints":{"allow":["GET"]}}],"collection":[{"href":"https:\/\/www.europesays.com\/ee\/wp-json\/wp\/v2\/posts"}],"about":[{"href":"https:\/\/www.europesays.com\/ee\/wp-json\/wp\/v2\/types\/post"}],"author":[{"embeddable":true,"href":"https:\/\/www.europesays.com\/ee\/wp-json\/wp\/v2\/users\/2"}],"replies":[{"embeddable":true,"href":"https:\/\/www.europesays.com\/ee\/wp-json\/wp\/v2\/comments?post=265737"}],"version-history":[{"count":0,"href":"https:\/\/www.europesays.com\/ee\/wp-json\/wp\/v2\/posts\/265737\/revisions"}],"wp:featuredmedia":[{"embeddable":true,"href":"https:\/\/www.europesays.com\/ee\/wp-json\/wp\/v2\/media\/265738"}],"wp:attachment":[{"href":"https:\/\/www.europesays.com\/ee\/wp-json\/wp\/v2\/media?parent=265737"}],"wp:term":[{"taxonomy":"category","embeddable":true,"href":"https:\/\/www.europesays.com\/ee\/wp-json\/wp\/v2\/categories?post=265737"},{"taxonomy":"post_tag","embeddable":true,"href":"https:\/\/www.europesays.com\/ee\/wp-json\/wp\/v2\/tags?post=265737"}],"curies":[{"name":"wp","href":"https:\/\/api.w.org\/{rel}","templated":true}]}}