{"id":265739,"date":"2026-09-01T12:14:10","date_gmt":"2026-09-01T12:14:10","guid":{"rendered":"https:\/\/www.europesays.com\/ee\/265739\/"},"modified":"2026-09-01T12:14:10","modified_gmt":"2026-09-01T12:14:10","slug":"montenegros-avas-kolmikmorvas-kahtlustatav-venelane-tule-politseinike-pihta-ja-sooritas-siis-enesetapu","status":"publish","type":"post","link":"https:\/\/www.europesays.com\/ee\/265739\/","title":{"rendered":"Montenegros avas kolmikm\u00f5rvas kahtlustatav venelane tule politseinike pihta ja sooritas siis enesetapu"},"content":{"rendered":"<p>Danilovgradi lasketiirus eile toimunud tulistamise ohvrid olid Montenegro pealinna <a rel=\"noopener nofollow\" target=\"_blank\" href=\"https:\/\/www.delfi.ee\/teema\/96945413\/podgorica\" tag-id=\"96945413\">Podgorica<\/a> elanikud Nemanja Kapor (20) ja Petar Globarevi\u0107 (24) ning Danilovgradi elanik Momir Radonji\u0107 (67), vahendab Balkan Insight.<\/p>\n<p>Politsei teatel oli kahtlusalune 30-aastane <a rel=\"noopener nofollow\" target=\"_blank\" href=\"https:\/\/www.delfi.ee\/teema\/3\/venemaa\" tag-id=\"3\">Venemaa<\/a> kodanik Mihhail \u0160abunin.<\/p>\n<p>Politseidirektor Lazar \u0160\u0107epanovi\u0107 \u00fctles t\u00e4na, et politseinikud leidsid \u0160abunini metsasest piirkonnast rannikulinna Herceg Novi Topla piirkonnast.<\/p>\n<p>\u201eP\u00e4rast seda, kui kahtlusalune oli \u00fcmber piiratud ja ta leidis end lootusetust olukorrast, avas ta tule politseinike suunas ja sooritas siis tulirelva kasutades enesetapu,\u201c \u00fctles \u0160\u0107epanovi\u0107.<\/p>\n<p>Politsei teatel k\u00fclastas \u0160abunin p\u00e4evadel enne kolmikm\u00f5rva Danilovgradis \u010cesk\u00e1 Zbrojovka lasketiiru.<\/p>\n<p>\u201eTa tegi tiirus proovilasud, sisenes hoonesse ja pani toime m\u00f5rvad,\u201c \u00fctles \u0160\u0107epanovi\u0107. \u201eP\u00e4rast seda s\u00f5itis ta minema \u00fche ohvri s\u00f5idukiga.\u201c<\/p>\n<p>Politsei leidis selle s\u00f5iduki hiljem Podgorica l\u00e4gedalt Rogamist. Usutakse, et \u0160abunin s\u00f5itis taksoga Podgoricast Herceg Novisse.<\/p>\n<p>\u010cesk\u00e1 Zbrojovka laskeklubi teatas Montenegro ringh\u00e4\u00e4lingule RTCG, et kolm ohvrit olid selle t\u00f6\u00f6tajad ja t\u00f6\u00f6tasid ilma relvadeta, mist\u00f5ttu ei olnud neil v\u00f5imalust end kaitsta.<\/p>\n<p>Politsei kutsus elanikke kodus p\u00fcsima, kui kahtlusalune veel jooksus oli, ning hoiatas, et inimesed v\u00e4ldiksid kontakti tundmatute isikutega ja teataksid k\u00f5igest kahtlasest.<\/p>\n<p>Teo motiive ei ole Montenegro v\u00f5imud avaldanud.<\/p>\n<p>Montenegro peaminister Milojko Spaji\u0107 avaldas ohvrite l\u00e4hedastele kaastunnet ning kuulutas 1. ja 2. septembri riigis leinap\u00e4evaks.<\/p>\n<p>Vene Telegrami kanali \u201eMash\u201c andmetel oli \u0160abunin p\u00e4rit <a rel=\"noopener nofollow\" target=\"_blank\" href=\"https:\/\/www.delfi.ee\/teema\/96868474\/perm\" tag-id=\"96868474\">Permist<\/a>.<\/p>\n<p>Kuidas see lugu Sind end tundma pani?Saada<a href=\"https:\/\/www.delfi.ee\/artikkel\/120607603\/montenegros-avas-kolmikmorvas-kahtlustatav-venelane-tule-politseinike-pihta-ja-sooritas-siis-enesetapu\/kommentaarid\" class=\"button button--primary button--size-auto article-body-bottom__comment article-body-bottom__comment--write\" style=\"\" rel=\"nofollow noopener\" target=\"_blank\">Kommenteeri<\/a><a href=\"https:\/\/www.delfi.ee\/artikkel\/120607603\/montenegros-avas-kolmikmorvas-kahtlustatav-venelane-tule-politseinike-pihta-ja-sooritas-siis-enesetapu\/kommentaarid\" class=\"button button--size-auto article-body-bottom__comment article-body-bottom__comment--read\" style=\"\" rel=\"nofollow noopener\" target=\"_blank\">Loe kommentaare (11)<\/a><\/p>\n","protected":false},"excerpt":{"rendered":"Danilovgradi lasketiirus eile toimunud tulistamise ohvrid olid Montenegro pealinna Podgorica elanikud Nemanja Kapor (20) ja Petar Globarevi\u0107 (24)&hellip;\n","protected":false},"author":2,"featured_media":265740,"comment_status":"","ping_status":"","sticky":false,"template":"","format":"standard","meta":{"footnotes":"","_share_on_mastodon":"0"},"categories":[80],"tags":[26,27,37,33,35,34,36,31,32,21,28,29,95,10182,19,7450,103128,25,23,24,22,20,96,30,92,93,94],"class_list":["post-265739","post","type-post","status-publish","format-standard","has-post-thumbnail","category-maailm","tag-breaking-news","tag-breakingnews","tag-ee","tag-eesti","tag-eesti-keel","tag-estonia","tag-estonian","tag-featured-news","tag-featurednews","tag-headlines","tag-latest-news","tag-latestnews","tag-maailm","tag-montenegro","tag-news","tag-perm","tag-podgorica","tag-populaarseimad-lood","tag-top-stories","tag-topstories","tag-uldised-uudised","tag-uudised","tag-venemaa","tag-viimased-uudised","tag-world","tag-world-news","tag-worldnews"],"share_on_mastodon":{"url":"https:\/\/pubeurope.com\/@ee\/117195732653404626","error":""},"_links":{"self":[{"href":"https:\/\/www.europesays.com\/ee\/wp-json\/wp\/v2\/posts\/265739","targetHints":{"allow":["GET"]}}],"collection":[{"href":"https:\/\/www.europesays.com\/ee\/wp-json\/wp\/v2\/posts"}],"about":[{"href":"https:\/\/www.europesays.com\/ee\/wp-json\/wp\/v2\/types\/post"}],"author":[{"embeddable":true,"href":"https:\/\/www.europesays.com\/ee\/wp-json\/wp\/v2\/users\/2"}],"replies":[{"embeddable":true,"href":"https:\/\/www.europesays.com\/ee\/wp-json\/wp\/v2\/comments?post=265739"}],"version-history":[{"count":0,"href":"https:\/\/www.europesays.com\/ee\/wp-json\/wp\/v2\/posts\/265739\/revisions"}],"wp:featuredmedia":[{"embeddable":true,"href":"https:\/\/www.europesays.com\/ee\/wp-json\/wp\/v2\/media\/265740"}],"wp:attachment":[{"href":"https:\/\/www.europesays.com\/ee\/wp-json\/wp\/v2\/media?parent=265739"}],"wp:term":[{"taxonomy":"category","embeddable":true,"href":"https:\/\/www.europesays.com\/ee\/wp-json\/wp\/v2\/categories?post=265739"},{"taxonomy":"post_tag","embeddable":true,"href":"https:\/\/www.europesays.com\/ee\/wp-json\/wp\/v2\/tags?post=265739"}],"curies":[{"name":"wp","href":"https:\/\/api.w.org\/{rel}","templated":true}]}}