{"id":265751,"date":"2026-09-01T12:26:36","date_gmt":"2026-09-01T12:26:36","guid":{"rendered":"https:\/\/www.europesays.com\/ee\/265751\/"},"modified":"2026-09-01T12:26:36","modified_gmt":"2026-09-01T12:26:36","slug":"eesti-haridust-tabas-opetajate-ja-koolikohtade-kriis","status":"publish","type":"post","link":"https:\/\/www.europesays.com\/ee\/265751\/","title":{"rendered":"Eesti haridust tabas \u00f5petajate ja koolikohtade kriis"},"content":{"rendered":"<p class=\"text-muted-foreground text-[15px] leading-relaxed\">Uue \u00f5ppeaasta alguses seisab Eesti silmitsi s\u00fcveneva \u00f5petajate puudusega, eriti alg\u00f5petuses, ning Tallinnas on sajad p\u00f5hikooli l\u00f5petanud noored endiselt ilma kindla koolikohata, mis seab kahtluse alla hariduss\u00fcsteemi v\u00f5imekuse tagada k\u00f5igile \u00f5ppekohad.<\/p>\n<ul class=\"space-y-3 text-[15px] leading-relaxed\">\n<li class=\"flex gap-3\">\u2014Eesti koolides on \u00f5ppeaasta alguses m\u00e4rkimisv\u00e4\u00e4rne \u00f5petajate puudus, eriti algklassides.<\/li>\n<li class=\"flex gap-3\">\u2014Probleemi s\u00fcvendavad Tallinnas ja Ida-Virumaal eestikeelsele \u00f5ppele \u00fcleminek ja uued C1 keeleoskuse n\u00f5uded \u00f5petajatele.<\/li>\n<li class=\"flex gap-3\">\u2014Paljud \u00f5petajakohad t\u00e4idetakse ilma formaalse kvalifikatsioonita v\u00f5i l\u00fchiajaliste lepingutega t\u00f6\u00f6tajatega, mis tekitab l\u00fcnki t\u00f5husas \u00f5ppet\u00f6\u00f6s.<\/li>\n<li class=\"flex gap-3\">\u2014\u00d5petajate ametist lahkumise p\u00f5hjused h\u00f5lmavad suurt t\u00f6\u00f6koormust, kasvavat erivajadustega \u00f5pilaste arvu ja v\u00e4ljakutseid lapsevanematega koost\u00f6\u00f6s.<\/li>\n<li class=\"flex gap-3\">\u2014Tallinnas on puudus koolikohtadest p\u00f5hihariduse omandanud \u00f5pilastele, kus 31. augusti seisuga ootas paigutust \u00fcle 500 noore.<\/li>\n<li class=\"flex gap-3\">\u2014Muret tekitab \u00f5petajate palkade konkurentsiv\u00f5ime, kus \u00fcks g\u00fcmnaasium pakub brutopalka 2500 eurot, mis sunnib koole piiratud personali p\u00e4rast konkureerima.<\/li>\n<\/ul>\n","protected":false},"excerpt":{"rendered":"Uue \u00f5ppeaasta alguses seisab Eesti silmitsi s\u00fcveneva \u00f5petajate puudusega, eriti alg\u00f5petuses, ning Tallinnas on sajad p\u00f5hikooli l\u00f5petanud noored&hellip;\n","protected":false},"author":2,"featured_media":265752,"comment_status":"","ping_status":"","sticky":false,"template":"","format":"standard","meta":{"footnotes":"","_share_on_mastodon":"0"},"categories":[12],"tags":[103137,26,27,37,33,35,34,36,31,32,406,103136,21,2522,103135,412,28,29,19,103138,9010,25,2130,23,24,22,20,30],"class_list":["post-265751","post","type-post","status-publish","format-standard","has-post-thumbnail","category-eesti","tag-algopetus","tag-breaking-news","tag-breakingnews","tag-ee","tag-eesti","tag-eesti-keel","tag-estonia","tag-estonian","tag-featured-news","tag-featurednews","tag-haridus","tag-hariduskriis","tag-headlines","tag-ida-virumaa","tag-keeleline-uleminek","tag-koolikohad","tag-latest-news","tag-latestnews","tag-news","tag-opetajate-palgad","tag-opetajate-puudus","tag-populaarseimad-lood","tag-tallinn","tag-top-stories","tag-topstories","tag-uldised-uudised","tag-uudised","tag-viimased-uudised"],"share_on_mastodon":{"url":"https:\/\/pubeurope.com\/@ee\/117195779864514547","error":""},"_links":{"self":[{"href":"https:\/\/www.europesays.com\/ee\/wp-json\/wp\/v2\/posts\/265751","targetHints":{"allow":["GET"]}}],"collection":[{"href":"https:\/\/www.europesays.com\/ee\/wp-json\/wp\/v2\/posts"}],"about":[{"href":"https:\/\/www.europesays.com\/ee\/wp-json\/wp\/v2\/types\/post"}],"author":[{"embeddable":true,"href":"https:\/\/www.europesays.com\/ee\/wp-json\/wp\/v2\/users\/2"}],"replies":[{"embeddable":true,"href":"https:\/\/www.europesays.com\/ee\/wp-json\/wp\/v2\/comments?post=265751"}],"version-history":[{"count":0,"href":"https:\/\/www.europesays.com\/ee\/wp-json\/wp\/v2\/posts\/265751\/revisions"}],"wp:featuredmedia":[{"embeddable":true,"href":"https:\/\/www.europesays.com\/ee\/wp-json\/wp\/v2\/media\/265752"}],"wp:attachment":[{"href":"https:\/\/www.europesays.com\/ee\/wp-json\/wp\/v2\/media?parent=265751"}],"wp:term":[{"taxonomy":"category","embeddable":true,"href":"https:\/\/www.europesays.com\/ee\/wp-json\/wp\/v2\/categories?post=265751"},{"taxonomy":"post_tag","embeddable":true,"href":"https:\/\/www.europesays.com\/ee\/wp-json\/wp\/v2\/tags?post=265751"}],"curies":[{"name":"wp","href":"https:\/\/api.w.org\/{rel}","templated":true}]}}