{"id":265763,"date":"2026-09-01T12:37:09","date_gmt":"2026-09-01T12:37:09","guid":{"rendered":"https:\/\/www.europesays.com\/ee\/265763\/"},"modified":"2026-09-01T12:37:09","modified_gmt":"2026-09-01T12:37:09","slug":"riigikohus-jattis-rahuldamata-ekre-kaebuse-oiguskantsleri-presidendiks-kandideerimise-peale","status":"publish","type":"post","link":"https:\/\/www.europesays.com\/ee\/265763\/","title":{"rendered":"Riigikohus j\u00e4ttis rahuldamata EKRE kaebuse \u00f5iguskantsleri presidendiks kandideerimise peale"},"content":{"rendered":"<p>24. augustil esitasid 75 Riigikogu liiget \u00dclle Madise presidendikandidaadiks Riigikogu esimesse h\u00e4\u00e4letusvooru, mis toimub 2. septembril. Vabariigi Valimiskomisjon (VVK) registreeris Madise kandidaadina p\u00e4ev hiljem.<\/p>\n<p>27. augustil vaidlustasid VVK otsuse \u00fcheksa riigikogu EKRE fraktsiooni liiget. Kaebajate v\u00e4itel oleks Madise pidanud enne riigipeaks p\u00fcrgimist \u00f5iguskantsleri ametist lahkuma, kuna tema presidendiks kandideerimine on vastuolus v\u00f5imude lahususe ja tasakaalustatuse p\u00f5him\u00f5ttega ning \u00f5iguskantsleri s\u00f5ltumatuse n\u00f5udega.<\/p>\n<p>Riigikohus m\u00e4rkis otsuses, et kuigi presidendi valimise seadus ei n\u00e4e ette alust kandidaadi registreerimise vaidlustamiseks, oli riigikogu liikmetel antud juhul siiski kaebe\u00f5igus. Kohus selgitas, et presidendiks peab saama valida \u00fcksnes kandidaati, kes vastab p\u00f5hiseaduse ja seaduse n\u00f5uetele ning on \u00fcles seatud koosk\u00f5las \u00f5igusaktidega. K\u00f5ikv\u00f5imalikud p\u00f5him\u00f5ttelised kahtlused ja puudused tuleb k\u00f5rvaldada v\u00f5imalikult kiiresti, enne kui toimub h\u00e4\u00e4letamine.<\/p>\n<p>S\u00f5ltumatuse p\u00f5him\u00f5te on m\u00f5eldud \u00f5iguskantsleri kaitseks<\/p>\n<p>Riigikohus leidis, et \u00dclle Madise presidendikandidaadina registreerimine ei olnud p\u00f5hiseadusega vastuolus, sest seadus ei kohusta \u00f5iguskantslerit riigipeaks p\u00fcrgides oma senisest ametist tagasi astuma. K\u00fcll aga peab \u00f5iguskantsler kandideerimise ajal s\u00e4ilitama oma tegevuses ja v\u00e4lja\u00fctlemistes s\u00f5ltumatuse, mida Madise on kohtule teadaolevalt ka teinud.<\/p>\n<p>Riigikohus nentis, et kehtiva seaduse j\u00e4rgi l\u00f5pevad k\u00f5igi valitavas v\u00f5i nimetatavas ametis olevate inimeste volitused nende presidendi ametisse astumisega. Kui seadusandja soovib teatud ametikohtadel olevatele inimestele, sealhulgas \u00f5iguskantslerile, kehtestada t\u00e4iendavaid kandideerimispiiranguid, siis peavad need olema seaduses selgelt kirjas.<\/p>\n<p>P\u00f5hiseaduses s\u00e4testatud \u00f5iguskantsleri s\u00f5ltumatuse p\u00f5him\u00f5te t\u00e4hendab Riigikohtu hinnangul eelk\u00f5ige seda, et seadusandja ei tohi seada \u00f5iguskantslerile liigseid kitsendusi ega kohustada teda t\u00e4itma \u00fclesandeid, mis ei ole \u00f5iguskantsleri rolliga \u00fchildatavad. Seega on s\u00f5ltumatuse p\u00f5him\u00f5te m\u00f5eldud kaitsma seda, et \u00f5iguskantsler saaks t\u00e4ita t\u00f5husalt talle p\u00f5hiseaduse ja seadusega pandud sisulisi \u00fclesandeid.<\/p>\n<p>\u00d5iguskantsler peab kandideerimise ajal v\u00e4ltima poliitilisi seisukohti<\/p>\n<p>Riigikohus m\u00e4rkis, et presidendil on Eestis eesk\u00e4tt \u00fchiskonda \u00fchendav, riigiv\u00f5imu stabiilsust kindlustav ja p\u00f5hiseaduslikke institutsioone tasakaalustav roll. Riigipea tegevus on k\u00fcll mingil m\u00e4\u00e4ral seotud poliitika kujundamisega \u2013 veto\u00f5igus seaduste v\u00e4ljakuulutamisel, ametisse nimetamised, v\u00e4lispoliitiline esindamine \u2013, ent see ei ole v\u00f5rreldav riigikogu v\u00f5i kohalike volikogude selgelt poliitilise rolliga. Samuti ei t\u00e4idaks Madise neid \u00fclesandeid \u00f5iguskantslerina ametis oleku ajal, vaid presidendiks valimise korral alles p\u00e4rast ametivande andmist. <\/p>\n<p>K\u00fcll aga peab \u00f5iguskantsler riigikohtu hinnangul silmas pidama, et ta ei v\u00e4ljendaks presidendiks kandideerimise ajal poliitilisi seisukohti, mis v\u00f5iksid \u00f5iguskantsleri positsiooni kahjustada. Praegusel juhul ei ole kohtule teada, et Madise oleks avaldanud seisukohti, mis ei sobi kokku \u00f5iguskantsleri s\u00f5ltumatusega.<\/p>\n<p>Kuidas see lugu Sind end tundma pani?Saada<a href=\"https:\/\/www.delfi.ee\/artikkel\/120607620\/riigikohus-jattis-rahuldamata-ekre-kaebuse-oiguskantsleri-presidendiks-kandideerimise-peale\/kommentaarid\" class=\"button button--primary button--size-auto article-body-bottom__comment article-body-bottom__comment--write\" style=\"\" rel=\"nofollow noopener\" target=\"_blank\">Kommenteeri<\/a><a href=\"https:\/\/www.delfi.ee\/artikkel\/120607620\/riigikohus-jattis-rahuldamata-ekre-kaebuse-oiguskantsleri-presidendiks-kandideerimise-peale\/kommentaarid\" class=\"button button--size-auto article-body-bottom__comment article-body-bottom__comment--read\" style=\"\" rel=\"nofollow noopener\" target=\"_blank\">Loe kommentaare (34)<\/a><\/p>\n","protected":false},"excerpt":{"rendered":"24. augustil esitasid 75 Riigikogu liiget \u00dclle Madise presidendikandidaadiks Riigikogu esimesse h\u00e4\u00e4letusvooru, mis toimub 2. septembril. Vabariigi Valimiskomisjon&hellip;\n","protected":false},"author":2,"featured_media":265764,"comment_status":"","ping_status":"","sticky":false,"template":"","format":"standard","meta":{"footnotes":"","_share_on_mastodon":"0"},"categories":[12],"tags":[687,679,667,26,27,673,688,663,662,37,33,35,684,683,692,34,36,31,32,208,148,21,206,668,669,381,686,677,694,691,339,680,28,29,671,672,377,690,144,678,665,19,693,676,666,25,322,664,150,695,685,159,394,682,674,675,23,24,689,222,22,20,670,681,149,30],"class_list":["post-265763","post","type-post","status-publish","format-standard","has-post-thumbnail","category-eesti","tag-ajaviide","tag-autoleht","tag-blog","tag-breaking-news","tag-breakingnews","tag-cv","tag-date","tag-defli","tag-delfi","tag-ee","tag-eesti","tag-eesti-keel","tag-ekaart","tag-email","tag-erootika","tag-estonia","tag-estonian","tag-featured-news","tag-featurednews","tag-film","tag-foto","tag-headlines","tag-horoskoop","tag-ilm","tag-ilmaennustus","tag-internet","tag-kaart","tag-kava","tag-kindlustus","tag-kinnisvara","tag-kuulutused","tag-lasteleht","tag-latest-news","tag-latestnews","tag-loto","tag-majandus","tag-mangud","tag-mobiil","tag-muusika","tag-naisteleht","tag-naljad","tag-news","tag-otsing","tag-pank","tag-pilt","tag-populaarseimad-lood","tag-raadio","tag-reklaam","tag-seks","tag-sms","tag-solo","tag-sport","tag-tarkvara","tag-tasuta","tag-too","tag-toopakkumised","tag-top-stories","tag-topstories","tag-tutvus","tag-tv","tag-uldised-uudised","tag-uudised","tag-valimised","tag-valuuta","tag-video","tag-viimased-uudised"],"share_on_mastodon":{"url":"","error":"Validation failed: Text character limit of 500 exceeded"},"_links":{"self":[{"href":"https:\/\/www.europesays.com\/ee\/wp-json\/wp\/v2\/posts\/265763","targetHints":{"allow":["GET"]}}],"collection":[{"href":"https:\/\/www.europesays.com\/ee\/wp-json\/wp\/v2\/posts"}],"about":[{"href":"https:\/\/www.europesays.com\/ee\/wp-json\/wp\/v2\/types\/post"}],"author":[{"embeddable":true,"href":"https:\/\/www.europesays.com\/ee\/wp-json\/wp\/v2\/users\/2"}],"replies":[{"embeddable":true,"href":"https:\/\/www.europesays.com\/ee\/wp-json\/wp\/v2\/comments?post=265763"}],"version-history":[{"count":0,"href":"https:\/\/www.europesays.com\/ee\/wp-json\/wp\/v2\/posts\/265763\/revisions"}],"wp:featuredmedia":[{"embeddable":true,"href":"https:\/\/www.europesays.com\/ee\/wp-json\/wp\/v2\/media\/265764"}],"wp:attachment":[{"href":"https:\/\/www.europesays.com\/ee\/wp-json\/wp\/v2\/media?parent=265763"}],"wp:term":[{"taxonomy":"category","embeddable":true,"href":"https:\/\/www.europesays.com\/ee\/wp-json\/wp\/v2\/categories?post=265763"},{"taxonomy":"post_tag","embeddable":true,"href":"https:\/\/www.europesays.com\/ee\/wp-json\/wp\/v2\/tags?post=265763"}],"curies":[{"name":"wp","href":"https:\/\/api.w.org\/{rel}","templated":true}]}}