{"id":26578,"date":"2025-10-24T09:54:07","date_gmt":"2025-10-24T09:54:07","guid":{"rendered":"https:\/\/www.europesays.com\/ee\/26578\/"},"modified":"2025-10-24T09:54:07","modified_gmt":"2025-10-24T09:54:07","slug":"laane-virumaal-avariisse-sattunud-69aastane-naine-suri-haiglas","status":"publish","type":"post","link":"https:\/\/www.europesays.com\/ee\/26578\/","title":{"rendered":"L\u00e4\u00e4ne-Virumaal avariisse sattunud 69aastane naine suri haiglas"},"content":{"rendered":"<p>Rakvere patrulltalituse grupijuhi Veiko Osokini s\u00f5nul ei andnud s\u00f5idukijuht esialgsetel andmetel valgustatud \u00fclek\u00e4igurajal teed jalak\u00e4ijale ning toimus kokkup\u00f5rge. <\/p>\n<p>\u201e\u00d5nnetuses sai raskelt viga 69aastane naine, kelle kiirabi viis haiglasse. Paraku ei \u00f5nnestunud meedikutel tema elu p\u00e4\u00e4sta ja naine suri t\u00e4na hommikul,\u201c \u00fctles Osokin.<\/p>\n<p>\u201eAvarii p\u00f5hjustanud s\u00f5idukijuht lahkus p\u00e4rast \u00f5nnetust s\u00fcndmuskohalt ning me alustasime kohe pingutusi, et auto ja selle juht \u00fcles leida. Olemasoleva info p\u00f5hjal oli alust arvata, et jalak\u00e4ijale s\u00f5ideti otsa pruunikaspunase maasturiga Nissan X-trail. T\u00e4na hommikul p\u00f6\u00f6rdus \u00f5nnetuse p\u00f5hjustanud juht ise politseisse\u201c lisas grupijuht.<\/p>\n<p>Liiklus\u00f5nnetuse t\u00e4psemad asjaolud selgitab politsei v\u00e4lja kriminaalmenetluses.<\/p>\n","protected":false},"excerpt":{"rendered":"Rakvere patrulltalituse grupijuhi Veiko Osokini s\u00f5nul ei andnud s\u00f5idukijuht esialgsetel andmetel valgustatud \u00fclek\u00e4igurajal teed jalak\u00e4ijale ning toimus kokkup\u00f5rge.&hellip;\n","protected":false},"author":2,"featured_media":26579,"comment_status":"","ping_status":"","sticky":false,"template":"","format":"standard","meta":{"footnotes":""},"categories":[12],"tags":[26,27,37,33,35,34,36,31,32,21,28,29,19,25,23,24,22,20,30],"class_list":{"0":"post-26578","1":"post","2":"type-post","3":"status-publish","4":"format-standard","5":"has-post-thumbnail","7":"category-eesti","8":"tag-breaking-news","9":"tag-breakingnews","10":"tag-ee","11":"tag-eesti","12":"tag-eesti-keel","13":"tag-estonia","14":"tag-estonian","15":"tag-featured-news","16":"tag-featurednews","17":"tag-headlines","18":"tag-latest-news","19":"tag-latestnews","20":"tag-news","21":"tag-populaarseimad-lood","22":"tag-top-stories","23":"tag-topstories","24":"tag-uldised-uudised","25":"tag-uudised","26":"tag-viimased-uudised"},"share_on_mastodon":{"url":"https:\/\/pubeurope.com\/@ee\/115428541348070746","error":""},"_links":{"self":[{"href":"https:\/\/www.europesays.com\/ee\/wp-json\/wp\/v2\/posts\/26578","targetHints":{"allow":["GET"]}}],"collection":[{"href":"https:\/\/www.europesays.com\/ee\/wp-json\/wp\/v2\/posts"}],"about":[{"href":"https:\/\/www.europesays.com\/ee\/wp-json\/wp\/v2\/types\/post"}],"author":[{"embeddable":true,"href":"https:\/\/www.europesays.com\/ee\/wp-json\/wp\/v2\/users\/2"}],"replies":[{"embeddable":true,"href":"https:\/\/www.europesays.com\/ee\/wp-json\/wp\/v2\/comments?post=26578"}],"version-history":[{"count":0,"href":"https:\/\/www.europesays.com\/ee\/wp-json\/wp\/v2\/posts\/26578\/revisions"}],"wp:featuredmedia":[{"embeddable":true,"href":"https:\/\/www.europesays.com\/ee\/wp-json\/wp\/v2\/media\/26579"}],"wp:attachment":[{"href":"https:\/\/www.europesays.com\/ee\/wp-json\/wp\/v2\/media?parent=26578"}],"wp:term":[{"taxonomy":"category","embeddable":true,"href":"https:\/\/www.europesays.com\/ee\/wp-json\/wp\/v2\/categories?post=26578"},{"taxonomy":"post_tag","embeddable":true,"href":"https:\/\/www.europesays.com\/ee\/wp-json\/wp\/v2\/tags?post=26578"}],"curies":[{"name":"wp","href":"https:\/\/api.w.org\/{rel}","templated":true}]}}