{"id":265783,"date":"2026-09-01T12:56:13","date_gmt":"2026-09-01T12:56:13","guid":{"rendered":"https:\/\/www.europesays.com\/ee\/265783\/"},"modified":"2026-09-01T12:56:13","modified_gmt":"2026-09-01T12:56:13","slug":"jabur-aga-oiglane-elval-tuleb-kohtuniku-eksimuse-tottu-soita-kaheksakesi-kaheksaks-manguminutiks-tallinnasse-soccernet-ee","status":"publish","type":"post","link":"https:\/\/www.europesays.com\/ee\/265783\/","title":{"rendered":"Jabur, aga \u00f5iglane: Elval tuleb kohtuniku eksimuse t\u00f5ttu s\u00f5ita kaheksakesi kaheksaks m\u00e4nguminutiks Tallinnasse &#8211; Soccernet.ee"},"content":{"rendered":"<p><img decoding=\"async\" src=\"https:\/\/www.europesays.com\/ee\/wp-content\/uploads\/2026\/09\/1788093641.jpg\" alt=\"Elva s\u00f5idab uuesti N\u00f5mme Unitedi duubliga m\u00e4ngima. Foto: Siim J\u00e4nes\"\/>&#13;\n<\/p>\n<p>P\u00fchap\u00e4eval FC N\u00f5mme United U21 ja FC Elva vahel toimunud Esiliiga kohtumine m\u00e4ngitakse kohtuniku eksimuse t\u00f5ttu 88. minutist uuesti.<\/p>\n<p>Esiliiga 26. voorus kohtusid M\u00e4nniku staadionil N\u00f5mme Unitedi duubel ja Elva, kes m\u00e4ngisid kaartiderohkelt &#8211; kokku 10 &#8211; seisule 0:1. \u00dcks m\u00e4\u00e4ruste rikkumine j\u00e4i peakohtunik Kristjan Siilakul aga kahe silma vahele, mis viis 88. minutil otsustava eksimuseni.&#13;\n<\/p>\n<p>Nimelt n\u00e4itas ta 81. minutil kollast kaarti Rasmus Lindm\u00e4ele (number 8) ja kirjutas selle m\u00e4rkmikusse ka \u00fcles (Parandus: esialgselt j\u00e4i mulje, nagu Siilak oleks numbriga eksinud). Seitse minutit hiljem patustas Lindm\u00e4e m\u00e4ngijatevahelises p\u00f5rkumises uuesti, kuid Siilak ei m\u00e4rganud, et tal oli \u00fcks kollane kaart all, ja seet\u00f5ttu j\u00e4i punane kaart m\u00e4\u00e4ramata.&#13;\n<\/p>\n<p>Jalgpalliliit otsustas nii Eesti kui ka rahvusvahelisele praktikale tuginedes, et kohtumine m\u00e4ngitakse uuesti alates eksimuse hetkest. Kokkuleppel v\u00f5istkondadega l\u00e4hevad l\u00f5puminutid kordamisele sel neljap\u00e4eval kell 19.30 M\u00e4nniku staadionil.<\/p>\n<p>M\u00e4ng algab 88. minutist samast kohast ja momendist, kus Lindm\u00e4e oli teise kollase kaardi saanud. M\u00e4ngus kaasa teha ta ei saa ning \u00fchtlasi j\u00e4\u00e4vad kehtima k\u00f5ik teised m\u00e4ngus olnud vahetused, hoiatused ja muu, mis teise kollase kaardi n\u00e4itamise hetkeks olid toimunud. Sealjuures oli Elva selleks hetkeks juba kahemehelises v\u00e4hemuses, kui 80. minutitel said punase kaardi Georg Lani ja Jasper Toomas Kanter. Nii astuvad nad uuesti platsile vaid kaheksakesi.\u00a0&#13;\n<\/p>\n<p>Nimetatud hetkeks oli eelneva m\u00e4ngu p\u00f5hjal kohtunik otsustanud lisada kohtumise teisele poolajale kuus lisaminutit, mis on minimaalne lisaminutite arv uuesti m\u00e4ngitavas m\u00e4ngus. Lisaminutite arv v\u00f5ib suureneda l\u00e4htuvalt m\u00e4ngus toimuvast. Jalgpalliliit katab 3. septembri m\u00e4nguks FC Elva transpordikulu.\u00a0&#13;\n<\/p>\n<p>Olukord on harvaesinev, sest m\u00e4ngu saab jalgpallireeglite ja jalgpallimaailma praktika j\u00e4rgi tervenisti v\u00f5i osaliselt uuesti m\u00e4ngida ainult v\u00e4ga \u00fcksikutel juhtudel. \u00dcks neist on taoline olukord, kus tegemist on oluliselt m\u00e4nguk\u00e4iku m\u00f5jutava n-\u00f6 protseduurilise rikkumisega ehk rikkumisega, mis tuleneb otse m\u00e4ngureeglitest, mitte kohtuniku t\u00f5lgendusest v\u00f5i faktilisest otsusest. N\u00e4iteks on Eestis varasemalt m\u00e4ngu osaliselt uuesti m\u00e4ngitud penaltiprotseduuri rikkumise t\u00f5ttu kolm ja pool aasta tagasi meeste saalijalgpalli liigas.<\/p>\n","protected":false},"excerpt":{"rendered":"&#13; P\u00fchap\u00e4eval FC N\u00f5mme United U21 ja FC Elva vahel toimunud Esiliiga kohtumine m\u00e4ngitakse kohtuniku eksimuse t\u00f5ttu 88.&hellip;\n","protected":false},"author":2,"featured_media":265784,"comment_status":"","ping_status":"","sticky":false,"template":"","format":"standard","meta":{"footnotes":"","_share_on_mastodon":"0"},"categories":[18],"tags":[37,33,35,103156,897,1466,34,36,3970,12955,23351,103157,10844,103158,159,158,10846],"class_list":["post-265783","post","type-post","status-publish","format-standard","has-post-thumbnail","category-sport","tag-ee","tag-eesti","tag-eesti-keel","tag-eksimus","tag-elva","tag-esiliiga","tag-estonia","tag-estonian","tag-fc-elva","tag-fc-nomme-united-u21","tag-kohtunik","tag-kristjan-siilak","tag-nomme-united-u21","tag-siilak","tag-sport","tag-sports","tag-united-u21"],"share_on_mastodon":{"url":"https:\/\/pubeurope.com\/@ee\/117195898192690177","error":""},"_links":{"self":[{"href":"https:\/\/www.europesays.com\/ee\/wp-json\/wp\/v2\/posts\/265783","targetHints":{"allow":["GET"]}}],"collection":[{"href":"https:\/\/www.europesays.com\/ee\/wp-json\/wp\/v2\/posts"}],"about":[{"href":"https:\/\/www.europesays.com\/ee\/wp-json\/wp\/v2\/types\/post"}],"author":[{"embeddable":true,"href":"https:\/\/www.europesays.com\/ee\/wp-json\/wp\/v2\/users\/2"}],"replies":[{"embeddable":true,"href":"https:\/\/www.europesays.com\/ee\/wp-json\/wp\/v2\/comments?post=265783"}],"version-history":[{"count":0,"href":"https:\/\/www.europesays.com\/ee\/wp-json\/wp\/v2\/posts\/265783\/revisions"}],"wp:featuredmedia":[{"embeddable":true,"href":"https:\/\/www.europesays.com\/ee\/wp-json\/wp\/v2\/media\/265784"}],"wp:attachment":[{"href":"https:\/\/www.europesays.com\/ee\/wp-json\/wp\/v2\/media?parent=265783"}],"wp:term":[{"taxonomy":"category","embeddable":true,"href":"https:\/\/www.europesays.com\/ee\/wp-json\/wp\/v2\/categories?post=265783"},{"taxonomy":"post_tag","embeddable":true,"href":"https:\/\/www.europesays.com\/ee\/wp-json\/wp\/v2\/tags?post=265783"}],"curies":[{"name":"wp","href":"https:\/\/api.w.org\/{rel}","templated":true}]}}