{"id":265801,"date":"2026-09-01T13:18:19","date_gmt":"2026-09-01T13:18:19","guid":{"rendered":"https:\/\/www.europesays.com\/ee\/265801\/"},"modified":"2026-09-01T13:18:19","modified_gmt":"2026-09-01T13:18:19","slug":"alcaraz-naasis-vigastuspausilt-voiduga-teise-ringi-joudsid-ka-sabalenka-ja-osaka-2","status":"publish","type":"post","link":"https:\/\/www.europesays.com\/ee\/265801\/","title":{"rendered":"Alcaraz naasis vigastuspausilt v\u00f5iduga, teise ringi j\u00f5udsid ka Sabalenka ja Osaka"},"content":{"rendered":"<p>\u201eNeed viis kuud olid minu jaoks v\u00e4ga rasked. Ma igatsesin publikut, energiat ja konkurentsi,\u201c tunnistas Alcaraz p\u00e4rast kohtumist.<\/p>\n<p>Arthur Ashe staadionil saadud soe vastuv\u00f5tt muutis tagasituleku hispaanlase jaoks veelgi erilisemaks. \u201eOlen lihtsalt v\u00e4ga-v\u00e4ga \u00f5nnelik, et sain taas v\u00f5istelda. New York on minu jaoks v\u00e4ga eriline paik ja tahan siin lihtsalt v\u00f5imalikult palju m\u00e4ngida,\u201c lisas Alcaraz.<\/p>\n<p>J\u00e4rgmises ringis kohtub tiitlikaitsja Portugali tennisisti Jaime Fariaga (ATP 72.), kes alistas avaringis ameeriklase Jenson Brooksby (ATP 74.) viiesetilises lahingus 6:3, 7:6 (4), 4:6, 1:6, 6:2. <\/p>\n<p>Naiste maailma esireket <a rel=\"noopener nofollow\" target=\"_blank\" href=\"https:\/\/www.delfi.ee\/teema\/92227861\/aryna-sabalenka\" tag-id=\"92227861\">Aryna Sabalenka<\/a> alustas oma kolmanda j\u00e4rjestikuse US Openi tiitli jahti v\u00f5iduga Camila Osorio (WTA 59.) 6:2, 6:4 ning kohtub j\u00e4rgmises ringis kvalifikatsiooniturniirilt p\u00f5hitabelisse j\u00f5udnud Polina Iat\u0161enkoga (WTA 160.).<\/p>\n<p>Kindlalt alustas ka kuuekordne suure sl\u00e4mmi v\u00f5itja <a rel=\"noopener nofollow\" target=\"_blank\" href=\"https:\/\/www.delfi.ee\/teema\/91318797\/iga-swiatek\" tag-id=\"91318797\">Iga Swiatek<\/a> (WTA 8.), kes alistas Wang Xiyu (WTA 80.) 6:2, 6:3. Raske v\u00f5idu sai avaringis neljakordne suure sl\u00e4mmi v\u00f5itja <a rel=\"noopener nofollow\" target=\"_blank\" href=\"https:\/\/www.delfi.ee\/teema\/81470483\/naomi-osaka\" tag-id=\"81470483\">Naomi Osaka<\/a> (WTA 13.). Ligi kaks tundi kestnud kohtumises sai jaapanlanna jagu Anastasia Zakharovast (WTA 101.) 7:6 (6), 7:6 (3). <\/p>\n<p>P\u00e4eva \u00fche \u00fcllatuse pakkus <a rel=\"noopener nofollow\" target=\"_blank\" href=\"https:\/\/www.delfi.ee\/teema\/85087723\/stefanos-tsitsipas\" tag-id=\"85087723\">Stefanos Tsitsipas<\/a> (ATP 56.), kes alistas k\u00fcmnenda asetusega Arthur Fils\u2019i 4:6, 7:6 (3), 6:1, 6:4. <\/p>\n<p>Kuidas see lugu Sind end tundma pani?Saada<a href=\"https:\/\/sport.delfi.ee\/a\/120607452\/kommentaarid\" class=\"button button--primary button--size-auto article-body-bottom__comment article-body-bottom__comment--write\" style=\"\" rel=\"nofollow noopener\" target=\"_blank\">Kommenteeri<\/a><a href=\"https:\/\/sport.delfi.ee\/a\/120607452\/kommentaarid\" class=\"button button--size-auto article-body-bottom__comment article-body-bottom__comment--read\" style=\"\" rel=\"nofollow noopener\" target=\"_blank\">Loe kommentaare <\/a><\/p>\n","protected":false},"excerpt":{"rendered":"\u201eNeed viis kuud olid minu jaoks v\u00e4ga rasked. Ma igatsesin publikut, energiat ja konkurentsi,\u201c tunnistas Alcaraz p\u00e4rast kohtumist.&hellip;\n","protected":false},"author":2,"featured_media":265802,"comment_status":"","ping_status":"","sticky":false,"template":"","format":"standard","meta":{"footnotes":"","_share_on_mastodon":"0"},"categories":[18],"tags":[44908,3863,37,33,35,34,36,1943,38695,159,158,23562,6779],"class_list":["post-265801","post","type-post","status-publish","format-standard","has-post-thumbnail","category-sport","tag-aryna-sabalenka","tag-carlos-alcaraz","tag-ee","tag-eesti","tag-eesti-keel","tag-estonia","tag-estonian","tag-iga-swiatek","tag-naomi-osaka","tag-sport","tag-sports","tag-stefanos-tsitsipas","tag-us-open"],"share_on_mastodon":{"url":"https:\/\/pubeurope.com\/@ee\/117195984356001534","error":""},"_links":{"self":[{"href":"https:\/\/www.europesays.com\/ee\/wp-json\/wp\/v2\/posts\/265801","targetHints":{"allow":["GET"]}}],"collection":[{"href":"https:\/\/www.europesays.com\/ee\/wp-json\/wp\/v2\/posts"}],"about":[{"href":"https:\/\/www.europesays.com\/ee\/wp-json\/wp\/v2\/types\/post"}],"author":[{"embeddable":true,"href":"https:\/\/www.europesays.com\/ee\/wp-json\/wp\/v2\/users\/2"}],"replies":[{"embeddable":true,"href":"https:\/\/www.europesays.com\/ee\/wp-json\/wp\/v2\/comments?post=265801"}],"version-history":[{"count":0,"href":"https:\/\/www.europesays.com\/ee\/wp-json\/wp\/v2\/posts\/265801\/revisions"}],"wp:featuredmedia":[{"embeddable":true,"href":"https:\/\/www.europesays.com\/ee\/wp-json\/wp\/v2\/media\/265802"}],"wp:attachment":[{"href":"https:\/\/www.europesays.com\/ee\/wp-json\/wp\/v2\/media?parent=265801"}],"wp:term":[{"taxonomy":"category","embeddable":true,"href":"https:\/\/www.europesays.com\/ee\/wp-json\/wp\/v2\/categories?post=265801"},{"taxonomy":"post_tag","embeddable":true,"href":"https:\/\/www.europesays.com\/ee\/wp-json\/wp\/v2\/tags?post=265801"}],"curies":[{"name":"wp","href":"https:\/\/api.w.org\/{rel}","templated":true}]}}