{"id":265809,"date":"2026-09-01T13:29:20","date_gmt":"2026-09-01T13:29:20","guid":{"rendered":"https:\/\/www.europesays.com\/ee\/265809\/"},"modified":"2026-09-01T13:29:20","modified_gmt":"2026-09-01T13:29:20","slug":"rayo-superhoos-rundaja-loi-voorsil-barcelonale-kaks-aga-nendest-jai-vaga-vaheks-soccernet-ee","status":"publish","type":"post","link":"https:\/\/www.europesays.com\/ee\/265809\/","title":{"rendered":"Rayo superhoos r\u00fcndaja l\u00f5i v\u00f5\u00f5rsil Barcelonale kaks, aga nendest j\u00e4i v\u00e4ga v\u00e4heks &#8211; Soccernet.ee"},"content":{"rendered":"<p><img decoding=\"async\" src=\"https:\/\/www.europesays.com\/ee\/wp-content\/uploads\/2026\/09\/1788210261.jpg\" alt=\"Sergio Camello l\u00f5i v\u00f5\u00f5rsil Barcelonale kaks v\u00e4ravat. Foto: Scanpix \/ Quique Garcia \/ EPA\"\/>&#13;\n<\/p>\n<p>Rayo Vallecano superhoos r\u00fcndaja Sergio Camello l\u00f5i v\u00f5\u00f5rsil FC Barcelonale kaks v\u00e4ravat, aga Barca v\u00f5itis 5:2\u00a0ning j\u00e4tkab sarnaselt Real Madridiga kolme vooru j\u00e4rel t\u00e4iseduga.<\/p>\n<p>12. minutil l\u00e4ks\u00a0Alvaro Garcia vasakult \u00e4\u00e4relt l\u00e4bi ja s\u00f6\u00f6tis Camellole, kes l\u00f5i \u00fche puutega ristnurka, viies Rayo juhtima. \u00dcheksa minutit hiljem olid aga k\u00fclalised juba kaotusseisus.&#13;\n<\/p>\n<p>Viigiv\u00e4rava l\u00f5i Raphinha, kes murdis palliga karistusalasse ja saatis selle alla nurka. J\u00e4rgmise tabamuse olukorras ei suutnud Rayo palli oma karistusalast kaugele klaarida ning Marc Bernal l\u00fckkas s\u00f6\u00f6du Lamine Yamalile, kes lajatas l\u00e4himasse \u00fclanurka.&#13;\n<\/p>\n<p>Jules Kounde tabamuse t\u00fchistas VAR suluseisu t\u00f5ttu, aga Barcelona sai 3:1 juhtseisu k\u00e4tte, kui Anthony Gordon l\u00fckkas madala tugeva palli v\u00e4rava ette ja\u00a0Florian Lejeune l\u00f5i omav\u00e4rava.<\/p>\n<p>59. minutil v\u00e4hendas Camello vahe minimaalseks. Ta skooris Unai Lopeze nurgal\u00f6\u00f6gist peaga, h\u00fcpates Xavi Esparti \u00fcle. Camello on n\u00fc\u00fcd k\u00f5mmutanud oma viimase \u00fcheksa m\u00e4nguga Hispaania k\u00f5rgliigas kaheksa v\u00e4ravat.&#13;\n<\/p>\n<p>Kaugel polnud ka Camello k\u00fcbaratrikk, aga Pau Cubarsi suutis 61. minutil tema l\u00e4hil\u00f6\u00f6gi blokeerida. Barcelona j\u00f5udis oma neljanda tabamuseni 71. minutil, kui Gordon andis kannas\u00f6\u00f6du ja Raphinha sahistas tagumist alanurka. Raphinha t\u00f5usis liiga v\u00e4ravak\u00fcttide edetabelis ainuliidriks, j\u00e4ttes seljataha Kylian Mbappe.&#13;\n<\/p>\n<blockquote class=\"twitter-tweet\"><p>&#13;<\/p>\n<p lang=\"es\" dir=\"ltr\">5 &#8211; Raphinha Dias ha marcado cinco goles en tres partidos en <a href=\"https:\/\/x.com\/LaLiga?ref_src=twsrc%5Etfw\" rel=\"nofollow\">@LaLiga<\/a> 2026\/27. <\/p>\n<p>Es el primer jugador que anota cinco goles en los tres primeros encuentros de su equipo en una temporada liguera desde Lionel Messi en la 2017\/18 (cinco), tambi\u00e9n con el FC Barcelona.<\/p>\n<p>Pegada. \ud83d\udca5 <a href=\"https:\/\/t.co\/6X8OlXeZTL\" rel=\"nofollow\">pic.twitter.com\/6X8OlXeZTL<\/a>&#13;<br \/>\n\u2014 OptaJose (@OptaJose) <a href=\"https:\/\/x.com\/OptaJose\/status\/2094533937305432205?ref_src=twsrc%5Etfw\" rel=\"nofollow\">August 31, 2026<\/a><\/p>\n<\/blockquote>\n<p>Kohtumise l\u00f5ppseisu vormistas karistusala tagant madala l\u00f6\u00f6giga Yamal, kellele andis s\u00f6\u00f6du\u00a0Karim Adeyemi. Barcelona eest tegi deb\u00fc\u00fcdi 86. minutil vahetusest sekkunud 18-aastane\u00a0Hamza Abdelkarim.&#13;\n<\/p>\n<p>Rayo Vallecano on saanud kolme vooruga tabelisse \u00fche punkti. Koguni seitse punkti on aga teeninud Osasuna, kes alistas teises esmasp\u00e4eva\u00f5htuses m\u00e4ngus Getafe 1:0. Osasuna kasuks realiseeris penalti\u00a0Ante Budimir.&#13;\n<\/p>\n<p>          <script async src=\"https:\/\/platform.twitter.com\/widgets.js\" charset=\"utf-8\"><\/script><\/p>\n","protected":false},"excerpt":{"rendered":"&#13; Rayo Vallecano superhoos r\u00fcndaja Sergio Camello l\u00f5i v\u00f5\u00f5rsil FC Barcelonale kaks v\u00e4ravat, aga Barca v\u00f5itis 5:2\u00a0ning j\u00e4tkab&hellip;\n","protected":false},"author":2,"featured_media":265810,"comment_status":"","ping_status":"","sticky":false,"template":"","format":"standard","meta":{"footnotes":"","_share_on_mastodon":"0"},"categories":[18],"tags":[52704,1741,103164,37,33,35,34,36,4244,1744,47415,3330,606,2458,1136,14761,1747,1748,103165,159,158,7631],"class_list":["post-265809","post","type-post","status-publish","format-standard","has-post-thumbnail","category-sport","tag-anthony-gordon","tag-barcelona","tag-camello","tag-ee","tag-eesti","tag-eesti-keel","tag-estonia","tag-estonian","tag-fc-barcelona","tag-getafe","tag-gordon","tag-hispaania-korgliiga","tag-la-liga","tag-lamine-yamal","tag-osasuna","tag-raphinha","tag-rayo","tag-rayo-vallecano","tag-sergio-camello","tag-sport","tag-sports","tag-yamal"],"share_on_mastodon":{"url":"https:\/\/pubeurope.com\/@ee\/117196028003657578","error":""},"_links":{"self":[{"href":"https:\/\/www.europesays.com\/ee\/wp-json\/wp\/v2\/posts\/265809","targetHints":{"allow":["GET"]}}],"collection":[{"href":"https:\/\/www.europesays.com\/ee\/wp-json\/wp\/v2\/posts"}],"about":[{"href":"https:\/\/www.europesays.com\/ee\/wp-json\/wp\/v2\/types\/post"}],"author":[{"embeddable":true,"href":"https:\/\/www.europesays.com\/ee\/wp-json\/wp\/v2\/users\/2"}],"replies":[{"embeddable":true,"href":"https:\/\/www.europesays.com\/ee\/wp-json\/wp\/v2\/comments?post=265809"}],"version-history":[{"count":0,"href":"https:\/\/www.europesays.com\/ee\/wp-json\/wp\/v2\/posts\/265809\/revisions"}],"wp:featuredmedia":[{"embeddable":true,"href":"https:\/\/www.europesays.com\/ee\/wp-json\/wp\/v2\/media\/265810"}],"wp:attachment":[{"href":"https:\/\/www.europesays.com\/ee\/wp-json\/wp\/v2\/media?parent=265809"}],"wp:term":[{"taxonomy":"category","embeddable":true,"href":"https:\/\/www.europesays.com\/ee\/wp-json\/wp\/v2\/categories?post=265809"},{"taxonomy":"post_tag","embeddable":true,"href":"https:\/\/www.europesays.com\/ee\/wp-json\/wp\/v2\/tags?post=265809"}],"curies":[{"name":"wp","href":"https:\/\/api.w.org\/{rel}","templated":true}]}}