{"id":265813,"date":"2026-09-01T13:31:10","date_gmt":"2026-09-01T13:31:10","guid":{"rendered":"https:\/\/www.europesays.com\/ee\/265813\/"},"modified":"2026-09-01T13:31:10","modified_gmt":"2026-09-01T13:31:10","slug":"saksamaal-runnati-elektrialajaama-politsei-kinnitab-vahemalt-uht-plahvatust","status":"publish","type":"post","link":"https:\/\/www.europesays.com\/ee\/265813\/","title":{"rendered":"Saksamaal r\u00fcnnati elektrialajaama. Politsei kinnitab v\u00e4hemalt \u00fcht plahvatust"},"content":{"rendered":"<p class=\"isSelectedEnd\">Juhtum leidis aset Turnow-Preilacki alajaamas Spree-Nei\u00dfe piirkonnas. Politsei sai veidi enne kella kaheksat hommikul v\u00e4ljakutse alajaama t\u00f6\u00f6tajatelt, kes teatasid mitme \u00f5huliini kahjustustest.<\/p>\n<p class=\"isSelectedEnd\">Umbes 40 minutit hiljem kinnitasid s\u00fcndmuskohale j\u00f5udnud politseinikud kahjustused ning leidsid ka kahtlasi esemeid. Kohale kutsuti demineerijad.<\/p>\n<p class=\"isSelectedEnd\">Politsei on kinnitanud, et toimus v\u00e4hemalt \u00fcks plahvatus. BILDi andmetel kasutati alajaama r\u00fcndamiseks ka isevalmistatud p\u00fcrotehnilisi rakette. Uurijad peavad neid p\u00fcrotehnilisteks seadeldisteks.<\/p>\n<p class=\"isSelectedEnd\">Politsei ei ole raketir\u00fcnnakut siiski ametlikult kinnitanud. Politsei pressiesindaja \u00fctles Reutersile, et \u00fche elektriliini juurest leiti \u201eebatavaline l\u00f5hke- ja s\u00fc\u00fcteseadeldis\u201c, mis ei olnud plahvatanud. Juhtumit v\u00f5etakse politsei s\u00f5nul v\u00e4ga t\u00f5siselt ning uurimise on \u00fcle v\u00f5tnud Brandenburgi liidumaa kriminaalamet LKA.<\/p>\n<p class=\"isSelectedEnd\">Teadaolevalt keegi viga ei saanud ning elanikele juhtum otsest m\u00f5ju ei avaldanud. Samuti \u00f5nnestus v\u00e4ltida ulatuslikku elektrikatkestust.<\/p>\n<p class=\"isSelectedEnd\">Elektriv\u00f5rguettev\u00f5te 50Hertz teatas teisip\u00e4eva keskp\u00e4eval, et seni tuvastamata isikud kahjustasid hommikul mitut ettev\u00f5tte \u00fclekandev\u00f5rgu liini. Selle tagaj\u00e4rjel katkes \u00fche liini t\u00f6\u00f6 l\u00fchikeseks ajaks, kuid elektrivarustus suudeti taastada.<\/p>\n<p class=\"isSelectedEnd\">Esialgsetel andmetel v\u00f5is teo eesm\u00e4rk olla p\u00f5hjustada J\u00e4nschwalde elektrijaama \u00fcmbruses suurem elektrikatkestus.<\/p>\n<p>J\u00e4nschwalde pruuns\u00f6eelektrijaam on Brandenburgi liidumaa suurim elektrijaam. Selle praegune installeeritud v\u00f5imsus on ettev\u00f5tte andmetel 1500 megavatti. L\u00e4hedal asuv Turnow-Preilacki alajaam on Lausitzi elektriv\u00f5rgu oluline s\u00f5lmpunkt.<\/p>\n<p>Kuidas see lugu Sind end tundma pani?Saada<a href=\"https:\/\/www.delfi.ee\/artikkel\/120607645\/saksamaal-leiti-elektrialajaamast-mitu-lohkeseadeldist-eesmark-vois-olla-ulatuslik-elektrikatkestus\/kommentaarid\" class=\"button button--primary button--size-auto article-body-bottom__comment article-body-bottom__comment--write\" style=\"\" rel=\"nofollow noopener\" target=\"_blank\">Kommenteeri<\/a><a href=\"https:\/\/www.delfi.ee\/artikkel\/120607645\/saksamaal-leiti-elektrialajaamast-mitu-lohkeseadeldist-eesmark-vois-olla-ulatuslik-elektrikatkestus\/kommentaarid\" class=\"button button--size-auto article-body-bottom__comment article-body-bottom__comment--read\" style=\"\" rel=\"nofollow noopener\" target=\"_blank\">Loe kommentaare (20)<\/a><\/p>\n","protected":false},"excerpt":{"rendered":"Juhtum leidis aset Turnow-Preilacki alajaamas Spree-Nei\u00dfe piirkonnas. Politsei sai veidi enne kella kaheksat hommikul v\u00e4ljakutse alajaama t\u00f6\u00f6tajatelt, kes&hellip;\n","protected":false},"author":2,"featured_media":265814,"comment_status":"","ping_status":"","sticky":false,"template":"","format":"standard","meta":{"footnotes":"","_share_on_mastodon":"0"},"categories":[80],"tags":[687,679,667,26,27,673,688,663,662,37,33,35,684,683,692,34,36,31,32,208,148,21,206,668,669,381,686,677,694,691,339,680,28,29,671,95,672,377,690,144,678,665,19,693,676,666,25,322,664,150,695,685,159,394,682,674,675,23,24,689,222,22,20,670,681,149,30,92,93,94],"class_list":["post-265813","post","type-post","status-publish","format-standard","has-post-thumbnail","category-maailm","tag-ajaviide","tag-autoleht","tag-blog","tag-breaking-news","tag-breakingnews","tag-cv","tag-date","tag-defli","tag-delfi","tag-ee","tag-eesti","tag-eesti-keel","tag-ekaart","tag-email","tag-erootika","tag-estonia","tag-estonian","tag-featured-news","tag-featurednews","tag-film","tag-foto","tag-headlines","tag-horoskoop","tag-ilm","tag-ilmaennustus","tag-internet","tag-kaart","tag-kava","tag-kindlustus","tag-kinnisvara","tag-kuulutused","tag-lasteleht","tag-latest-news","tag-latestnews","tag-loto","tag-maailm","tag-majandus","tag-mangud","tag-mobiil","tag-muusika","tag-naisteleht","tag-naljad","tag-news","tag-otsing","tag-pank","tag-pilt","tag-populaarseimad-lood","tag-raadio","tag-reklaam","tag-seks","tag-sms","tag-solo","tag-sport","tag-tarkvara","tag-tasuta","tag-too","tag-toopakkumised","tag-top-stories","tag-topstories","tag-tutvus","tag-tv","tag-uldised-uudised","tag-uudised","tag-valimised","tag-valuuta","tag-video","tag-viimased-uudised","tag-world","tag-world-news","tag-worldnews"],"share_on_mastodon":{"url":"","error":"Validation failed: Text character limit of 500 exceeded"},"_links":{"self":[{"href":"https:\/\/www.europesays.com\/ee\/wp-json\/wp\/v2\/posts\/265813","targetHints":{"allow":["GET"]}}],"collection":[{"href":"https:\/\/www.europesays.com\/ee\/wp-json\/wp\/v2\/posts"}],"about":[{"href":"https:\/\/www.europesays.com\/ee\/wp-json\/wp\/v2\/types\/post"}],"author":[{"embeddable":true,"href":"https:\/\/www.europesays.com\/ee\/wp-json\/wp\/v2\/users\/2"}],"replies":[{"embeddable":true,"href":"https:\/\/www.europesays.com\/ee\/wp-json\/wp\/v2\/comments?post=265813"}],"version-history":[{"count":0,"href":"https:\/\/www.europesays.com\/ee\/wp-json\/wp\/v2\/posts\/265813\/revisions"}],"wp:featuredmedia":[{"embeddable":true,"href":"https:\/\/www.europesays.com\/ee\/wp-json\/wp\/v2\/media\/265814"}],"wp:attachment":[{"href":"https:\/\/www.europesays.com\/ee\/wp-json\/wp\/v2\/media?parent=265813"}],"wp:term":[{"taxonomy":"category","embeddable":true,"href":"https:\/\/www.europesays.com\/ee\/wp-json\/wp\/v2\/categories?post=265813"},{"taxonomy":"post_tag","embeddable":true,"href":"https:\/\/www.europesays.com\/ee\/wp-json\/wp\/v2\/tags?post=265813"}],"curies":[{"name":"wp","href":"https:\/\/api.w.org\/{rel}","templated":true}]}}