{"id":265843,"date":"2026-09-01T14:06:21","date_gmt":"2026-09-01T14:06:21","guid":{"rendered":"https:\/\/www.europesays.com\/ee\/265843\/"},"modified":"2026-09-01T14:06:21","modified_gmt":"2026-09-01T14:06:21","slug":"30-eluaastates-naist-suudistatakse-teismelise-poisi-vagistamises","status":"publish","type":"post","link":"https:\/\/www.europesays.com\/ee\/265843\/","title":{"rendered":"30. eluaastates naist s\u00fc\u00fcdistatakse teismelise poisi v\u00e4gistamises"},"content":{"rendered":"<p class=\"p1\"><a rel=\"noopener nofollow\" target=\"_blank\" href=\"https:\/\/www.delfi.ee\/teema\/96849622\/prokuratuur-1\" tag-id=\"96849622\">Prokuratuur<\/a> heidab naisele ette alaealise noormehe v\u00e4gistamist. <\/p>\n<p class=\"p1\">V\u00e4idetav seksuaalkuritegu toimus paar aastat tagasi, kui poiss oli umbes 14aastane. Prokuratuurist \u00f6eldi Ekspressile, et kohtualune ja kannatanu ei ole omavahel sugulased.<\/p>\n<p class=\"p1\">S\u00fc\u00fcdistuse kohaselt kasutas t\u00e4iskasvanud naine \u00e4ra teismelise poisi abitut seisundit. <\/p>\n<p class=\"p1\">Naist kaitseb Tartu advokaat Andres Veski. Ta \u00fctles Ekspressile: \u201eKommenteerida saan \u00fcksnes seda, et klient ei ole oma s\u00fc\u00fcd kohtueelses menetluses kahtlustatavana \u00fclekuulamisel tunnistanud ja kaitsjana saan olla \u00fcksnes oma kaitsealuse positsioonil. Asja sisu kommenteerida ei saa.\u201c <\/p>\n<p>Kuidas see lugu Sind end tundma pani?Saada<\/p>\n","protected":false},"excerpt":{"rendered":"Prokuratuur heidab naisele ette alaealise noormehe v\u00e4gistamist. V\u00e4idetav seksuaalkuritegu toimus paar aastat tagasi, kui poiss oli umbes 14aastane.&hellip;\n","protected":false},"author":2,"featured_media":265844,"comment_status":"","ping_status":"","sticky":false,"template":"","format":"standard","meta":{"footnotes":"","_share_on_mastodon":"0"},"categories":[5],"tags":[6536,26,27,37,33,35,34,36,31,32,21,5122,28,29,19,25,10094,4951,23,24,22,20,5203,30],"class_list":["post-265843","post","type-post","status-publish","format-standard","has-post-thumbnail","category-uldised-uudised","tag-alaealine","tag-breaking-news","tag-breakingnews","tag-ee","tag-eesti","tag-eesti-keel","tag-estonia","tag-estonian","tag-featured-news","tag-featurednews","tag-headlines","tag-jogeva","tag-latest-news","tag-latestnews","tag-news","tag-populaarseimad-lood","tag-prokuratuur","tag-tartu-maakohus","tag-top-stories","tag-topstories","tag-uldised-uudised","tag-uudised","tag-vagistamine","tag-viimased-uudised"],"share_on_mastodon":{"url":"https:\/\/pubeurope.com\/@ee\/117196172942455044","error":""},"_links":{"self":[{"href":"https:\/\/www.europesays.com\/ee\/wp-json\/wp\/v2\/posts\/265843","targetHints":{"allow":["GET"]}}],"collection":[{"href":"https:\/\/www.europesays.com\/ee\/wp-json\/wp\/v2\/posts"}],"about":[{"href":"https:\/\/www.europesays.com\/ee\/wp-json\/wp\/v2\/types\/post"}],"author":[{"embeddable":true,"href":"https:\/\/www.europesays.com\/ee\/wp-json\/wp\/v2\/users\/2"}],"replies":[{"embeddable":true,"href":"https:\/\/www.europesays.com\/ee\/wp-json\/wp\/v2\/comments?post=265843"}],"version-history":[{"count":0,"href":"https:\/\/www.europesays.com\/ee\/wp-json\/wp\/v2\/posts\/265843\/revisions"}],"wp:featuredmedia":[{"embeddable":true,"href":"https:\/\/www.europesays.com\/ee\/wp-json\/wp\/v2\/media\/265844"}],"wp:attachment":[{"href":"https:\/\/www.europesays.com\/ee\/wp-json\/wp\/v2\/media?parent=265843"}],"wp:term":[{"taxonomy":"category","embeddable":true,"href":"https:\/\/www.europesays.com\/ee\/wp-json\/wp\/v2\/categories?post=265843"},{"taxonomy":"post_tag","embeddable":true,"href":"https:\/\/www.europesays.com\/ee\/wp-json\/wp\/v2\/tags?post=265843"}],"curies":[{"name":"wp","href":"https:\/\/api.w.org\/{rel}","templated":true}]}}