{"id":265851,"date":"2026-09-01T14:27:09","date_gmt":"2026-09-01T14:27:09","guid":{"rendered":"https:\/\/www.europesays.com\/ee\/265851\/"},"modified":"2026-09-01T14:27:09","modified_gmt":"2026-09-01T14:27:09","slug":"prokuratuur-laiendas-oliver-reimanni-uurimist-eesti","status":"publish","type":"post","link":"https:\/\/www.europesays.com\/ee\/265851\/","title":{"rendered":"Prokuratuur laiendas Oliver Reimanni uurimist | Eesti"},"content":{"rendered":"<p>Prokuratuur otsustas laiendada lavastaja Oliver Reimanni uurimist. Kui enne uurisid ametnikud \u00fcksnes v\u00e4ikeses koguses narkootilise aine omamist, siis n\u00fc\u00fcd kontrollitakse ka tahtlikku uimastamist, kirjutas <a href=\"https:\/\/ekspress.delfi.ee\/artikkel\/120607348\/prokuratuur-laiendas-oliver-reimanni-uurimist-kontrollitakse-ka-tahtlikku-uimastamist\" target=\"_blank\" rel=\"noopener nofollow\">Eesti Ekspress<\/a>.<\/p>\n<p>&#8220;Oliver Reimann v\u00f5is k\u00e4idelda narkootilisi aineid ebaseaduslikult edasiandmise eesm\u00e4rgil ja ta v\u00f5is uimastada tahtlikult teist inimest ning p\u00f5hjustada sellega tervisekahju,&#8221; \u00fctles prokur\u00f6r\u00a0Liset Rohi <a href=\"https:\/\/ekspress.delfi.ee\/artikkel\/120607348\/prokuratuur-laiendas-oliver-reimanni-uurimist-kontrollitakse-ka-tahtlikku-uimastamist\" target=\"_blank\" rel=\"noopener nofollow\">Ekspressile<\/a>.<\/p>\n<p>Rohi selgitas, et inimese teadmata tema joogi sisse narkootilise v\u00f5i ps\u00fchhotroopse aine panemisel v\u00f5ivad omavahel p\u00f5imuda mitu kuriteokoosseisu.<\/p>\n<p>&#8220;N\u00e4iteks on uimastamised pea eranditult seotud seksuaalkuritegudega v\u00f5i varavastaste kuritegudega \u2013 uimastamist kasutatakse vahendina, et toime panna j\u00e4rgmine kuritegu v\u00f5i v\u00e4hemalt selle katse,&#8221; \u00fctles ta.<\/p>\n<p>Eelmisel n\u00e4dalal teatas Eesti Draamateater, et l\u00f5petavad kaaslaste jookide sisse narkootilist ainet MDMA-d pannud Oliver Reimanni t\u00f6\u00f6lepingu. Draamateatri loominguline juht Hendrik Toompere jr kinnitas otsust.<\/p>\n<p>&#8220;Meile teatri juhtkonnas sai selgeks tema tegude tegelik m\u00f5ju meeskonnale ja kujunenud olukorras ei ole Oliveri j\u00e4tkamine Draamateatris enam v\u00f5imalik. Teatri juhtidena on meie esimene ja k\u00f5ige olulisem kohustus hoida oma n\u00e4itlejaid ja meeskonda. Kui teatri sees katkeb usaldus ja t\u00f6\u00f6rahu, ei ole edasine koost\u00f6\u00f6 kahjuks lihtsalt v\u00f5imalik. Teater s\u00fcnnib n\u00e4itleja ja lavastaja vahelisest s\u00fcgavast usaldusest. See l\u00e4ks katki,&#8221; r\u00f5hutas ta.<\/p>\n<p><a href=\"https:\/\/kultuur.err.ee\/1610118778\/draamateater-seiskab-kaaslaste-jookide-sisse-mdma-d-pannud-oliver-reimanni-lavastused\" target=\"_blank\" rel=\"noopener nofollow\">25. augusti hommikul<\/a> tegi Reimann sotsiaalmeediasse postituse, kus ta tunnistas, et on kahel korral pannud kaaslaste jookidesse keelatud aineid. Reimanni suhtes alustati m\u00f5ni tund hiljem Eesti Ekspressis ilmunud loo p\u00f5hjal ka kriminaalmenetlus.<\/p>\n<p>Samas postituses v\u00e4itis Reimann muuhulgas, et enne Draamateatriga liitumist r\u00e4\u00e4kis ta juhtunust ka teatrijuhtidega. Uudis sellest, et v\u00e4rskelt lavakunstikooli l\u00f5petanud Reimann liitub Draamateatriga, avaldati t\u00e4navu mais.<\/p>\n","protected":false},"excerpt":{"rendered":"Prokuratuur otsustas laiendada lavastaja Oliver Reimanni uurimist. Kui enne uurisid ametnikud \u00fcksnes v\u00e4ikeses koguses narkootilise aine omamist, siis&hellip;\n","protected":false},"author":2,"featured_media":265852,"comment_status":"","ping_status":"","sticky":false,"template":"","format":"standard","meta":{"footnotes":"","_share_on_mastodon":"0"},"categories":[12],"tags":[26,27,186,37,33,35,34,36,31,32,21,28,29,103178,101177,19,29178,25,10094,23,24,22,20,30],"class_list":["post-265851","post","type-post","status-publish","format-standard","has-post-thumbnail","category-eesti","tag-breaking-news","tag-breakingnews","tag-draamateater","tag-ee","tag-eesti","tag-eesti-keel","tag-estonia","tag-estonian","tag-featured-news","tag-featurednews","tag-headlines","tag-latest-news","tag-latestnews","tag-liset-rohi","tag-mdma","tag-news","tag-oliver-reimann","tag-populaarseimad-lood","tag-prokuratuur","tag-top-stories","tag-topstories","tag-uldised-uudised","tag-uudised","tag-viimased-uudised"],"share_on_mastodon":{"url":"https:\/\/pubeurope.com\/@ee\/117196255907471579","error":""},"_links":{"self":[{"href":"https:\/\/www.europesays.com\/ee\/wp-json\/wp\/v2\/posts\/265851","targetHints":{"allow":["GET"]}}],"collection":[{"href":"https:\/\/www.europesays.com\/ee\/wp-json\/wp\/v2\/posts"}],"about":[{"href":"https:\/\/www.europesays.com\/ee\/wp-json\/wp\/v2\/types\/post"}],"author":[{"embeddable":true,"href":"https:\/\/www.europesays.com\/ee\/wp-json\/wp\/v2\/users\/2"}],"replies":[{"embeddable":true,"href":"https:\/\/www.europesays.com\/ee\/wp-json\/wp\/v2\/comments?post=265851"}],"version-history":[{"count":0,"href":"https:\/\/www.europesays.com\/ee\/wp-json\/wp\/v2\/posts\/265851\/revisions"}],"wp:featuredmedia":[{"embeddable":true,"href":"https:\/\/www.europesays.com\/ee\/wp-json\/wp\/v2\/media\/265852"}],"wp:attachment":[{"href":"https:\/\/www.europesays.com\/ee\/wp-json\/wp\/v2\/media?parent=265851"}],"wp:term":[{"taxonomy":"category","embeddable":true,"href":"https:\/\/www.europesays.com\/ee\/wp-json\/wp\/v2\/categories?post=265851"},{"taxonomy":"post_tag","embeddable":true,"href":"https:\/\/www.europesays.com\/ee\/wp-json\/wp\/v2\/tags?post=265851"}],"curies":[{"name":"wp","href":"https:\/\/api.w.org\/{rel}","templated":true}]}}